{"id":1711,"date":"2025-01-08T12:21:08","date_gmt":"2025-01-08T11:21:08","guid":{"rendered":"https:\/\/www.denkulturelleskolesekken.no\/vestland\/?p=1711"},"modified":"2025-01-08T12:21:42","modified_gmt":"2025-01-08T11:21:42","slug":"nytt-verktoy-for-tilbakemeldingar-fra-elevar","status":"publish","type":"post","link":"https:\/\/www.denkulturelleskolesekken.no\/vestland\/2025\/01\/08\/nytt-verktoy-for-tilbakemeldingar-fra-elevar\/","title":{"rendered":"Nytt verkt\u00f8y for tilbakemeldingar fr\u00e5 elevar"},"content":{"rendered":"\n<p>Kulturtanken har lansert eit nytt verkty for tilbakemelding p\u00e5 DKS-produksjonar, for elevar p\u00e5 mellomtrinnet og ungdomstrinnet. <\/p>\n\n\n\n<p>Verkt\u00f8yet er tilgjengeleg for alle 5.\u201310.-klassar gjennom DKS-portalen. Kulturkontakten ved skulen mottek ein e-post med lenkje til skjemaet tre dagar f\u00f8r ein DKS-turn\u00e9 startar. Lenka kan ein dele vidare med l\u00e6rarane, som enkelt kan vise skjemaet p\u00e5 storskjerm i klasserommet. Elevane kan logge seg inn med nettbrett eller PC via QR-kode eller kode p\u00e5 nettsida <a href=\"http:\/\/mening.dks.no\">mening.dks.no<\/a>.<\/p>\n\n\n\n<p>Du kan lese meir p\u00e5 Kulturtanken sine nettsider: <a href=\"https:\/\/www.kulturtanken.no\/aktuelt\/2024\/nytt-verktoy-for-elevtilbakemeldinger-i-dks\/\">https:\/\/www.kulturtanken.no\/aktuelt\/2024\/nytt-verktoy-for-elevtilbakemeldinger-i-dks\/<\/a>. <\/p>\n","protected":false},"excerpt":{"rendered":"<p>Kulturtanken har lansert eit nytt verkty for tilbakemelding p\u00e5 DKS-produksjonar, for elevar p\u00e5 mellomtrinnet og ungdomstrinnet. Verkt\u00f8yet er tilgjengeleg for alle 5.\u201310.-klassar gjennom DKS-portalen. Kulturkontakten ved skulen mottek ein e-post med lenkje til skjemaet tre dagar f\u00f8r ein DKS-turn\u00e9 startar. Lenka kan ein dele vidare med l\u00e6rarane, som enkelt kan vise skjemaet p\u00e5 storskjerm i [&hellip;]<\/p>\n","protected":false},"author":9,"featured_media":1013,"comment_status":"closed","ping_status":"open","sticky":false,"template":"","format":"standard","meta":{"footnotes":""},"categories":[2],"tags":[7,31,8,30],"class_list":["post-1711","post","type-post","status-publish","format-standard","has-post-thumbnail","hentry","category-aktuelt","tag-dksvestland","tag-elevar","tag-kulturkontakt","tag-tilbakemelding"],"_links":{"self":[{"href":"https:\/\/www.denkulturelleskolesekken.no\/vestland\/wp-json\/wp\/v2\/posts\/1711","targetHints":{"allow":["GET"]}}],"collection":[{"href":"https:\/\/www.denkulturelleskolesekken.no\/vestland\/wp-json\/wp\/v2\/posts"}],"about":[{"href":"https:\/\/www.denkulturelleskolesekken.no\/vestland\/wp-json\/wp\/v2\/types\/post"}],"author":[{"embeddable":true,"href":"https:\/\/www.denkulturelleskolesekken.no\/vestland\/wp-json\/wp\/v2\/users\/9"}],"replies":[{"embeddable":true,"href":"https:\/\/www.denkulturelleskolesekken.no\/vestland\/wp-json\/wp\/v2\/comments?post=1711"}],"version-history":[{"count":1,"href":"https:\/\/www.denkulturelleskolesekken.no\/vestland\/wp-json\/wp\/v2\/posts\/1711\/revisions"}],"predecessor-version":[{"id":1712,"href":"https:\/\/www.denkulturelleskolesekken.no\/vestland\/wp-json\/wp\/v2\/posts\/1711\/revisions\/1712"}],"wp:featuredmedia":[{"embeddable":true,"href":"https:\/\/www.denkulturelleskolesekken.no\/vestland\/wp-json\/wp\/v2\/media\/1013"}],"wp:attachment":[{"href":"https:\/\/www.denkulturelleskolesekken.no\/vestland\/wp-json\/wp\/v2\/media?parent=1711"}],"wp:term":[{"taxonomy":"category","embeddable":true,"href":"https:\/\/www.denkulturelleskolesekken.no\/vestland\/wp-json\/wp\/v2\/categories?post=1711"},{"taxonomy":"post_tag","embeddable":true,"href":"https:\/\/www.denkulturelleskolesekken.no\/vestland\/wp-json\/wp\/v2\/tags?post=1711"}],"curies":[{"name":"wp","href":"https:\/\/api.w.org\/{rel}","templated":true}]}}