{"id":1679,"date":"2024-10-22T08:47:40","date_gmt":"2024-10-22T07:47:40","guid":{"rendered":"https:\/\/www.denkulturelleskolesekken.no\/vestland\/?p=1679"},"modified":"2024-10-22T10:52:15","modified_gmt":"2024-10-22T09:52:15","slug":"stotte-til-nyproduksjon-fra-vestland-fylkeskommune","status":"publish","type":"post","link":"https:\/\/www.denkulturelleskolesekken.no\/vestland\/2024\/10\/22\/stotte-til-nyproduksjon-fra-vestland-fylkeskommune\/","title":{"rendered":"St\u00f8tte til nyproduksjon fr\u00e5 Vestland fylkeskommune"},"content":{"rendered":"\n<h2 class=\"wp-block-heading\">Utvandrarjubileet 2025<\/h2>\n\n\n\n<p>I anledning Utvandrarjubileet 2025 kan profesjonelle kunst- og kulturtilbydarar s\u00f8kje om st\u00f8tte til \u00e5 utvikle nye produksjonar som er knytt til tematikken for jubileet, og basert p\u00e5 historisk kjeldemateriale fr\u00e5 Vestland.\u202f<\/p>\n\n\n\n<p>Utlysinga er ikkje ein del av det ordin\u00e6re DKS-programmet og tilh\u00f8yrande prosedyrar, men er lyst ut av Vestland fylkeskommune for \u00e5 stimulere til at Utvandrarjubileet 2025 vert markert kringom i Vestland fylke. Produksjonar som f\u00e5r produksjonsst\u00f8tte skal turnere i Vestland, i samband med Den kulturelle skulesekken (DKS), Den kulturelle spaserstokken (DKSS) og andre fylkeskommunale arrangement.\u202f\u202f&nbsp;<\/p>\n\n\n\n<p>Les meir om bakgrunnen for utlysinga, kriterium og sj\u00e5 korleis du kan s\u00f8kje p\u00e5 fylkeskommunen sine nettsider: <a href=\"https:\/\/www.vestlandfylke.no\/kultur\/utvandrarjubileet\/utlysning-utvandrarjubileet\/\">St\u00f8tte til nyproduksjon &#8211; Vestland fylkeskommune<\/a>. S\u00f8knadsfristen er 20.11.24.<\/p>\n\n\n\n<p>Du kan ogs\u00e5 lese nyhendesak om utlysing p\u00e5 Vestland fylkeskommune sine nettsider: <a href=\"https:\/\/www.vestlandfylke.no\/nyheitsarkiv\/2024\/utvandrarjubileet-2025-sok-stotte-til-nye-kunst--og-kulturproduksjonar\/\">Utvandrarjubileet 2025: S\u00f8k st\u00f8tte til nye kunst- og kulturproduksjonar &#8211; Vestland fylkeskommune<\/a>.<\/p>\n\n\n\n<div style=\"height:100px\" aria-hidden=\"true\" class=\"wp-block-spacer\"><\/div>\n","protected":false},"excerpt":{"rendered":"<p>Utvandrarjubileet 2025 I anledning Utvandrarjubileet 2025 kan profesjonelle kunst- og kulturtilbydarar s\u00f8kje om st\u00f8tte til \u00e5 utvikle nye produksjonar som er knytt til tematikken for jubileet, og basert p\u00e5 historisk kjeldemateriale fr\u00e5 Vestland.\u202f Utlysinga er ikkje ein del av det ordin\u00e6re DKS-programmet og tilh\u00f8yrande prosedyrar, men er lyst ut av Vestland fylkeskommune for \u00e5 stimulere [&hellip;]<\/p>\n","protected":false},"author":9,"featured_media":1680,"comment_status":"closed","ping_status":"open","sticky":false,"template":"","format":"standard","meta":{"footnotes":""},"categories":[2],"tags":[],"class_list":["post-1679","post","type-post","status-publish","format-standard","has-post-thumbnail","hentry","category-aktuelt"],"_links":{"self":[{"href":"https:\/\/www.denkulturelleskolesekken.no\/vestland\/wp-json\/wp\/v2\/posts\/1679","targetHints":{"allow":["GET"]}}],"collection":[{"href":"https:\/\/www.denkulturelleskolesekken.no\/vestland\/wp-json\/wp\/v2\/posts"}],"about":[{"href":"https:\/\/www.denkulturelleskolesekken.no\/vestland\/wp-json\/wp\/v2\/types\/post"}],"author":[{"embeddable":true,"href":"https:\/\/www.denkulturelleskolesekken.no\/vestland\/wp-json\/wp\/v2\/users\/9"}],"replies":[{"embeddable":true,"href":"https:\/\/www.denkulturelleskolesekken.no\/vestland\/wp-json\/wp\/v2\/comments?post=1679"}],"version-history":[{"count":5,"href":"https:\/\/www.denkulturelleskolesekken.no\/vestland\/wp-json\/wp\/v2\/posts\/1679\/revisions"}],"predecessor-version":[{"id":1700,"href":"https:\/\/www.denkulturelleskolesekken.no\/vestland\/wp-json\/wp\/v2\/posts\/1679\/revisions\/1700"}],"wp:featuredmedia":[{"embeddable":true,"href":"https:\/\/www.denkulturelleskolesekken.no\/vestland\/wp-json\/wp\/v2\/media\/1680"}],"wp:attachment":[{"href":"https:\/\/www.denkulturelleskolesekken.no\/vestland\/wp-json\/wp\/v2\/media?parent=1679"}],"wp:term":[{"taxonomy":"category","embeddable":true,"href":"https:\/\/www.denkulturelleskolesekken.no\/vestland\/wp-json\/wp\/v2\/categories?post=1679"},{"taxonomy":"post_tag","embeddable":true,"href":"https:\/\/www.denkulturelleskolesekken.no\/vestland\/wp-json\/wp\/v2\/tags?post=1679"}],"curies":[{"name":"wp","href":"https:\/\/api.w.org\/{rel}","templated":true}]}}