{"id":1667,"date":"2024-10-16T12:03:53","date_gmt":"2024-10-16T11:03:53","guid":{"rendered":"https:\/\/www.denkulturelleskolesekken.no\/vestland\/?p=1667"},"modified":"2024-10-16T13:00:18","modified_gmt":"2024-10-16T12:00:18","slug":"laerar-sjekk-ut-dkskommer-no","status":"publish","type":"post","link":"https:\/\/www.denkulturelleskolesekken.no\/vestland\/2024\/10\/16\/laerar-sjekk-ut-dkskommer-no\/","title":{"rendered":"Kulturkontakt? L\u00e6rar? Sjekk ut dkskommer.no"},"content":{"rendered":"\n<p>Nettsida dkskommer.no er eit nytt tilbod fr\u00e5 Kulturtanken. Det er ei ressursside for deg som er l\u00e6rar, kulturkontakt eller skuleleiar. Her finn du tips og forslag som kan hjelpe elevane og skulen med \u00e5 f\u00e5 mest mogeleg ut av bes\u00f8k fr\u00e5 Den kulturelle skulesekken.<\/p>\n\n\n\n<p>Nettsida finn du p\u00e5 knappen under:<\/p>\n\n\n\n<div class=\"wp-block-buttons is-layout-flex wp-block-buttons-is-layout-flex\">\n<div class=\"wp-block-button\"><a class=\"wp-block-button__link\" href=\"https:\/\/dkskommer.no\/\">dkskommer.no<\/a><\/div>\n<\/div>\n\n\n\n<p><\/p>\n\n\n\n<p>Sj\u00e5 elles gjerne informasjon til kulturkontaktar p\u00e5 denne sida: <a href=\"https:\/\/www.denkulturelleskolesekken.no\/vestland\/er-du-kulturkontakt\/\">Kulturkontakt | Vestland DKS (denkulturelleskolesekken.no)<\/a><\/p>\n\n\n\n<p><\/p>\n","protected":false},"excerpt":{"rendered":"<p>Nettsida dkskommer.no er eit nytt tilbod fr\u00e5 Kulturtanken. Det er ei ressursside for deg som er l\u00e6rar, kulturkontakt eller skuleleiar. Her finn du tips og forslag som kan hjelpe elevane og skulen med \u00e5 f\u00e5 mest mogeleg ut av bes\u00f8k fr\u00e5 Den kulturelle skulesekken. Nettsida finn du p\u00e5 knappen under: Sj\u00e5 elles gjerne informasjon til [&hellip;]<\/p>\n","protected":false},"author":9,"featured_media":1668,"comment_status":"closed","ping_status":"open","sticky":false,"template":"","format":"standard","meta":{"footnotes":""},"categories":[2],"tags":[7,8],"class_list":["post-1667","post","type-post","status-publish","format-standard","has-post-thumbnail","hentry","category-aktuelt","tag-dksvestland","tag-kulturkontakt"],"_links":{"self":[{"href":"https:\/\/www.denkulturelleskolesekken.no\/vestland\/wp-json\/wp\/v2\/posts\/1667","targetHints":{"allow":["GET"]}}],"collection":[{"href":"https:\/\/www.denkulturelleskolesekken.no\/vestland\/wp-json\/wp\/v2\/posts"}],"about":[{"href":"https:\/\/www.denkulturelleskolesekken.no\/vestland\/wp-json\/wp\/v2\/types\/post"}],"author":[{"embeddable":true,"href":"https:\/\/www.denkulturelleskolesekken.no\/vestland\/wp-json\/wp\/v2\/users\/9"}],"replies":[{"embeddable":true,"href":"https:\/\/www.denkulturelleskolesekken.no\/vestland\/wp-json\/wp\/v2\/comments?post=1667"}],"version-history":[{"count":4,"href":"https:\/\/www.denkulturelleskolesekken.no\/vestland\/wp-json\/wp\/v2\/posts\/1667\/revisions"}],"predecessor-version":[{"id":1678,"href":"https:\/\/www.denkulturelleskolesekken.no\/vestland\/wp-json\/wp\/v2\/posts\/1667\/revisions\/1678"}],"wp:featuredmedia":[{"embeddable":true,"href":"https:\/\/www.denkulturelleskolesekken.no\/vestland\/wp-json\/wp\/v2\/media\/1668"}],"wp:attachment":[{"href":"https:\/\/www.denkulturelleskolesekken.no\/vestland\/wp-json\/wp\/v2\/media?parent=1667"}],"wp:term":[{"taxonomy":"category","embeddable":true,"href":"https:\/\/www.denkulturelleskolesekken.no\/vestland\/wp-json\/wp\/v2\/categories?post=1667"},{"taxonomy":"post_tag","embeddable":true,"href":"https:\/\/www.denkulturelleskolesekken.no\/vestland\/wp-json\/wp\/v2\/tags?post=1667"}],"curies":[{"name":"wp","href":"https:\/\/api.w.org\/{rel}","templated":true}]}}