{"id":1606,"date":"2024-02-28T12:41:51","date_gmt":"2024-02-28T11:41:51","guid":{"rendered":"https:\/\/www.denkulturelleskolesekken.no\/vestland\/?p=1606"},"modified":"2024-02-28T12:41:52","modified_gmt":"2024-02-28T11:41:52","slug":"ardal-vgs-gav-100-000-kr-til-artistar-i-gato","status":"publish","type":"post","link":"https:\/\/www.denkulturelleskolesekken.no\/vestland\/2024\/02\/28\/ardal-vgs-gav-100-000-kr-til-artistar-i-gato\/","title":{"rendered":"\u00c5rdal vgs. gav 100 000 kr til artistar i &#8220;Gato&#8221;"},"content":{"rendered":"\n<p>Dei tre artistane kom til \u00c5rdal p\u00e5 DKS-turn\u00e9 med dans og dokumentarfilm, og reiste derifr\u00e5 med ei pengeg\u00e5ve til kunstnarar p\u00e5 flukt.<\/p>\n\n\n\n<p>Du kan lese heile saka p\u00e5 Vestland fylkeskommune sine nettsider: <a href=\"https:\/\/www.vestlandfylke.no\/nyheitsarkiv\/2024\/ardal-vgs.-gav-100-000-kr-til-artistar-i-den-kulturelle-skulesekken-dks\">\u00c5rdal vgs. gav 100 000 kr til artistar i Den kulturelle skulesekken (DKS) &#8211; Vestland fylkeskommune<\/a>.<\/p>\n","protected":false},"excerpt":{"rendered":"<p>Dei tre artistane kom til \u00c5rdal p\u00e5 DKS-turn\u00e9 med dans og dokumentarfilm, og reiste derifr\u00e5 med ei pengeg\u00e5ve til kunstnarar p\u00e5 flukt. Du kan lese heile saka p\u00e5 Vestland fylkeskommune sine nettsider: \u00c5rdal vgs. gav 100 000 kr til artistar i Den kulturelle skulesekken (DKS) &#8211; Vestland fylkeskommune.<\/p>\n","protected":false},"author":9,"featured_media":1610,"comment_status":"closed","ping_status":"closed","sticky":false,"template":"","format":"standard","meta":{"footnotes":""},"categories":[2],"tags":[7],"class_list":["post-1606","post","type-post","status-publish","format-standard","has-post-thumbnail","hentry","category-aktuelt","tag-dksvestland"],"_links":{"self":[{"href":"https:\/\/www.denkulturelleskolesekken.no\/vestland\/wp-json\/wp\/v2\/posts\/1606","targetHints":{"allow":["GET"]}}],"collection":[{"href":"https:\/\/www.denkulturelleskolesekken.no\/vestland\/wp-json\/wp\/v2\/posts"}],"about":[{"href":"https:\/\/www.denkulturelleskolesekken.no\/vestland\/wp-json\/wp\/v2\/types\/post"}],"author":[{"embeddable":true,"href":"https:\/\/www.denkulturelleskolesekken.no\/vestland\/wp-json\/wp\/v2\/users\/9"}],"replies":[{"embeddable":true,"href":"https:\/\/www.denkulturelleskolesekken.no\/vestland\/wp-json\/wp\/v2\/comments?post=1606"}],"version-history":[{"count":1,"href":"https:\/\/www.denkulturelleskolesekken.no\/vestland\/wp-json\/wp\/v2\/posts\/1606\/revisions"}],"predecessor-version":[{"id":1608,"href":"https:\/\/www.denkulturelleskolesekken.no\/vestland\/wp-json\/wp\/v2\/posts\/1606\/revisions\/1608"}],"wp:featuredmedia":[{"embeddable":true,"href":"https:\/\/www.denkulturelleskolesekken.no\/vestland\/wp-json\/wp\/v2\/media\/1610"}],"wp:attachment":[{"href":"https:\/\/www.denkulturelleskolesekken.no\/vestland\/wp-json\/wp\/v2\/media?parent=1606"}],"wp:term":[{"taxonomy":"category","embeddable":true,"href":"https:\/\/www.denkulturelleskolesekken.no\/vestland\/wp-json\/wp\/v2\/categories?post=1606"},{"taxonomy":"post_tag","embeddable":true,"href":"https:\/\/www.denkulturelleskolesekken.no\/vestland\/wp-json\/wp\/v2\/tags?post=1606"}],"curies":[{"name":"wp","href":"https:\/\/api.w.org\/{rel}","templated":true}]}}