{"id":1597,"date":"2024-02-14T12:34:28","date_gmt":"2024-02-14T11:34:28","guid":{"rendered":"https:\/\/www.denkulturelleskolesekken.no\/vestland\/?p=1597"},"modified":"2024-03-20T09:06:29","modified_gmt":"2024-03-20T08:06:29","slug":"dks-lab-vestland","status":"publish","type":"post","link":"https:\/\/www.denkulturelleskolesekken.no\/vestland\/2024\/02\/14\/dks-lab-vestland\/","title":{"rendered":"DKS-lab Vestland 2024"},"content":{"rendered":"\n<p>Er du kunstnar busett i Vestland, og kunne tenkje deg \u00e5 turn\u00e9 med din eigen produksjon i Den kulturelle skulesekken? No har du sjansen!<\/p>\n\n\n\n<p>For f\u00f8rste gang vert det arrangert <a rel=\"noreferrer noopener\" href=\"https:\/\/www.kulturtanken.no\/dks-lab\/\" target=\"_blank\">DKS-lab<\/a> i Vestland. Kunstgarasjen inviterer i samarbeid med Vestland fylkeskommune profesjonelle biletkunstnarar busett i Vestland fylke til \u00e5 s\u00f8kje om \u00e5 f\u00e5 delta i ein produksjonsverkstad i m\u00e5nadsskiftet august-september 2024. <\/p>\n\n\n\n<p>Kunstgarasjen hadde informasjon om &#8220;open call&#8221; p\u00e5 sine nettsider fram til s\u00f8knadsfristen 15. mars.  <\/p>\n\n\n\n<p><\/p>\n\n\n\n<p><\/p>\n","protected":false},"excerpt":{"rendered":"<p>Er du kunstnar busett i Vestland, og kunne tenkje deg \u00e5 turn\u00e9 med din eigen produksjon i Den kulturelle skulesekken? No har du sjansen! For f\u00f8rste gang vert det arrangert DKS-lab i Vestland. Kunstgarasjen inviterer i samarbeid med Vestland fylkeskommune profesjonelle biletkunstnarar busett i Vestland fylke til \u00e5 s\u00f8kje om \u00e5 f\u00e5 delta i ein [&hellip;]<\/p>\n","protected":false},"author":9,"featured_media":1598,"comment_status":"closed","ping_status":"open","sticky":false,"template":"","format":"standard","meta":{"footnotes":""},"categories":[2],"tags":[28,7],"class_list":["post-1597","post","type-post","status-publish","format-standard","has-post-thumbnail","hentry","category-aktuelt","tag-dks-lab","tag-dksvestland"],"_links":{"self":[{"href":"https:\/\/www.denkulturelleskolesekken.no\/vestland\/wp-json\/wp\/v2\/posts\/1597","targetHints":{"allow":["GET"]}}],"collection":[{"href":"https:\/\/www.denkulturelleskolesekken.no\/vestland\/wp-json\/wp\/v2\/posts"}],"about":[{"href":"https:\/\/www.denkulturelleskolesekken.no\/vestland\/wp-json\/wp\/v2\/types\/post"}],"author":[{"embeddable":true,"href":"https:\/\/www.denkulturelleskolesekken.no\/vestland\/wp-json\/wp\/v2\/users\/9"}],"replies":[{"embeddable":true,"href":"https:\/\/www.denkulturelleskolesekken.no\/vestland\/wp-json\/wp\/v2\/comments?post=1597"}],"version-history":[{"count":8,"href":"https:\/\/www.denkulturelleskolesekken.no\/vestland\/wp-json\/wp\/v2\/posts\/1597\/revisions"}],"predecessor-version":[{"id":1614,"href":"https:\/\/www.denkulturelleskolesekken.no\/vestland\/wp-json\/wp\/v2\/posts\/1597\/revisions\/1614"}],"wp:featuredmedia":[{"embeddable":true,"href":"https:\/\/www.denkulturelleskolesekken.no\/vestland\/wp-json\/wp\/v2\/media\/1598"}],"wp:attachment":[{"href":"https:\/\/www.denkulturelleskolesekken.no\/vestland\/wp-json\/wp\/v2\/media?parent=1597"}],"wp:term":[{"taxonomy":"category","embeddable":true,"href":"https:\/\/www.denkulturelleskolesekken.no\/vestland\/wp-json\/wp\/v2\/categories?post=1597"},{"taxonomy":"post_tag","embeddable":true,"href":"https:\/\/www.denkulturelleskolesekken.no\/vestland\/wp-json\/wp\/v2\/tags?post=1597"}],"curies":[{"name":"wp","href":"https:\/\/api.w.org\/{rel}","templated":true}]}}