{"id":1540,"date":"2023-04-18T12:17:46","date_gmt":"2023-04-18T11:17:46","guid":{"rendered":"https:\/\/www.denkulturelleskolesekken.no\/vestland\/?p=1540"},"modified":"2023-04-19T13:35:58","modified_gmt":"2023-04-19T12:35:58","slug":"kritikarklassar-til-uprisen","status":"publish","type":"post","link":"https:\/\/www.denkulturelleskolesekken.no\/vestland\/2023\/04\/18\/kritikarklassar-til-uprisen\/","title":{"rendered":"Kritikarklassar til Uprisen"},"content":{"rendered":"\n<p><strong>Vil ungdomsskuleklassen din melde \u00e5rets norske ungdomsb\u00f8ker?<\/strong><\/p>\n\n\n\n<p>Vi s\u00f8kjer l\u00e6rarar og elevar som \u00f8nskjer \u00e5 seie meiningane sine om ungdomslitteratur. Saman med 32 andre klassar kan klassen din vurdere \u00e5rets ungdomsb\u00f8ker p\u00e5 uprisen.no. Bokmeldingane p\u00e5verkar kva fem b\u00f8ker som g\u00e5r vidare i kampen om \u00e5 bli \u00c5rets ungdomsbok.<\/p>\n\n\n\n<p><strong>Kva er Uprisen?<\/strong><\/p>\n\n\n\n<p>Saman med Brageprisen og Kulturdepartementets barnebokprisar er Uprisen noko av det gj\u00e6vaste ein forfattar kan f\u00e5. I Uprisen \u2013 \u00e5rets ungdomsbok avgjer ungdommane kven som vinn.<\/p>\n\n\n\n<p>Prisarbeidet g\u00e5r gjennom heile skule\u00e5ret og er delt i fire.<br>F\u00f8rst ut er dei 33 kritikarklassane, som hausten 2023 melder \u00e5rets ungdomsb\u00f8ker.<br>Til nettstaden for Uprisen vil dei og andre interesserte elevar legge ut bokmeldingar. P\u00e5 bakgrunn av bokmeldingane vil ein ungdomsjury i januar 2024 nominere fem b\u00f8ker. Ei av desse b\u00f8kene vil vinne tittelen \u00c5rets ungdomsbok.<\/p>\n\n\n\n<p>P\u00e5 v\u00e5ren overtek juryklassane, som les og vurderer fr\u00e5 februar til mai, og kvar klasse diskuterer seg fram til ein favoritt. Alle juryklassar vel to representantar som dei sender til det fjerde leddet i prisen: Storjuryen. Storjuryen m\u00f8tast p\u00e5 Norsk Litteraturfestival i Lillehammer siste veka i mai og kjem fram til ein felles vinnar. Prisen blir delt ut dagen etter.<\/p>\n\n\n\n<p><strong>Kritikarklassane f\u00e5r:<\/strong><\/p>\n\n\n\n<ul class=\"wp-block-list\"><li>Ei sentral rolle i k\u00e5ringa av Norges viktigaste litteraturpris<\/li><li>Minst 15 ferske ungdomsb\u00f8ker til odel og eige<\/li><li>Tilbod om to timar skrivekurs, digitalt eller fysisk<\/li><\/ul>\n\n\n\n<p><strong>Skulen forpliktar seg til \u00e5:<\/strong><\/p>\n\n\n\n<ul class=\"wp-block-list\"><li>Gi l\u00e6raren ein dag til oppstartseminar og f\u00f8rebuing. Utgifter til reise, ev. opphald og sj\u00f8lve seminaret er dekte<\/li><li>Publisere minst ei melding per bok<\/li><\/ul>\n\n\n\n<p><strong>Kvifor s\u00f8ke:<\/strong><\/p>\n\n\n\n<ul class=\"wp-block-list\"><li>Uprisen gir ungdom p\u00e5verknad. Meiningane deira er viktige for forfattarar, forlag og nye bokprosjekt.<\/li><li>Elevane les heile b\u00f8ker. At meiningane deira tel, motiverer til b\u00e5de djupdelesing og mengdelesing.<\/li><li>Uprisen gir skrivetrening. Bokmeldingane som blir publiserte p\u00e5 uprisen.no har offentleg verdi.&nbsp;<\/li><li>Uprisen g\u00e5r over heile haustsemesteret. Det er intenst, men samstundes eit leseprosjekt med kontinuitet.&nbsp;<\/li><li>Opplegget i seg sj\u00f8lv er enkelt, men har rammer som gir leselyst.<\/li><li>Uprisen gir leseglede.<\/li><\/ul>\n\n\n\n<p>Alle klassar p\u00e5 ungdomstrinnet kan s\u00f8kje. Skular kan s\u00f8kje med fleire klassar.<\/p>\n\n\n\n<p><strong>S\u00f8knaden m\u00e5 innehalde:<\/strong><\/p>\n\n\n\n<ul class=\"wp-block-list\"><li>Klassetrinn og skule<\/li><li>Elevtal<\/li><li>Kvifor de \u00f8nskjer \u00e5 vere kritikarklasse<\/li><li>Korleis de arbeider med litteratur<\/li><\/ul>\n\n\n\n<p><strong>Send s\u00f8knad til:<\/strong><\/p>\n\n\n\n<p>Kari Vik,&nbsp;<a href=\"mailto:kari.vik@vlfk.no\">kari.vik@vlfk.no<\/a><\/p>\n\n\n\n<p><strong>S\u00f8knadsfrist: 09.05.23&nbsp;<\/strong>&nbsp;Uprisen \u00ad\u2013 \u00e5rets ungdomsbok er eit samarbeid mellom Foreningen !les, Norsk Litteraturfestival og alle fylkeskommunar. De kan f\u00e5 vite meir p\u00e5&nbsp;<a href=\"http:\/\/www.uprisen.no\/\">uprisen.no<\/a>, eller ved \u00e5 sj\u00e5&nbsp;<a href=\"https:\/\/uprisen.no\/film\/\">denne filmen.<\/a><\/p>\n\n\n\n<p>Vestland fylkeskommune f\u00f8lger tilr\u00e5dinga fr\u00e5 Nasjonal sikkerhetsmyndighet (NSM), og nyttar ikkje appane TikTok eller Telegram. Klassane fr\u00e5 Vestland som deltek i Uprisen kan difor ikkje ta over TikTok-kontoen <em>unge_leser<\/em> som Foreningen !les har oppretta i samband med prisen. Dette er inga hindring for \u00e5 delta fullt ut i arbeidet med Uprisen. Publisering av bokomtalar og kommunikasjon om juryarbeidet foreg\u00e5r p\u00e5 andre plattformer.<\/p>\n\n\n\n<p><em>NB! Alle ungdom i ungdomsskulealder kan publisere bokmeldingar p\u00e5 uprisen.no sj\u00f8lv om dei ikkje g\u00e5r i ein av dei tre kritikarklassane. Dei fleste b\u00f8kene kan du l\u00e5ne p\u00e5 biblioteket.<\/em><\/p>\n","protected":false},"excerpt":{"rendered":"<p>Vil ungdomsskuleklassen din melde \u00e5rets norske ungdomsb\u00f8ker? Vi s\u00f8kjer l\u00e6rarar og elevar som \u00f8nskjer \u00e5 seie meiningane sine om ungdomslitteratur. Saman med 32 andre klassar kan klassen din vurdere \u00e5rets ungdomsb\u00f8ker p\u00e5 uprisen.no. Bokmeldingane p\u00e5verkar kva fem b\u00f8ker som g\u00e5r vidare i kampen om \u00e5 bli \u00c5rets ungdomsbok. Kva er Uprisen? Saman med Brageprisen og [&hellip;]<\/p>\n","protected":false},"author":12,"featured_media":1543,"comment_status":"closed","ping_status":"closed","sticky":false,"template":"","format":"standard","meta":{"footnotes":""},"categories":[2],"tags":[],"class_list":["post-1540","post","type-post","status-publish","format-standard","has-post-thumbnail","hentry","category-aktuelt"],"_links":{"self":[{"href":"https:\/\/www.denkulturelleskolesekken.no\/vestland\/wp-json\/wp\/v2\/posts\/1540","targetHints":{"allow":["GET"]}}],"collection":[{"href":"https:\/\/www.denkulturelleskolesekken.no\/vestland\/wp-json\/wp\/v2\/posts"}],"about":[{"href":"https:\/\/www.denkulturelleskolesekken.no\/vestland\/wp-json\/wp\/v2\/types\/post"}],"author":[{"embeddable":true,"href":"https:\/\/www.denkulturelleskolesekken.no\/vestland\/wp-json\/wp\/v2\/users\/12"}],"replies":[{"embeddable":true,"href":"https:\/\/www.denkulturelleskolesekken.no\/vestland\/wp-json\/wp\/v2\/comments?post=1540"}],"version-history":[{"count":4,"href":"https:\/\/www.denkulturelleskolesekken.no\/vestland\/wp-json\/wp\/v2\/posts\/1540\/revisions"}],"predecessor-version":[{"id":1549,"href":"https:\/\/www.denkulturelleskolesekken.no\/vestland\/wp-json\/wp\/v2\/posts\/1540\/revisions\/1549"}],"wp:featuredmedia":[{"embeddable":true,"href":"https:\/\/www.denkulturelleskolesekken.no\/vestland\/wp-json\/wp\/v2\/media\/1543"}],"wp:attachment":[{"href":"https:\/\/www.denkulturelleskolesekken.no\/vestland\/wp-json\/wp\/v2\/media?parent=1540"}],"wp:term":[{"taxonomy":"category","embeddable":true,"href":"https:\/\/www.denkulturelleskolesekken.no\/vestland\/wp-json\/wp\/v2\/categories?post=1540"},{"taxonomy":"post_tag","embeddable":true,"href":"https:\/\/www.denkulturelleskolesekken.no\/vestland\/wp-json\/wp\/v2\/tags?post=1540"}],"curies":[{"name":"wp","href":"https:\/\/api.w.org\/{rel}","templated":true}]}}