{"id":1422,"date":"2022-10-19T08:26:06","date_gmt":"2022-10-19T07:26:06","guid":{"rendered":"https:\/\/www.denkulturelleskolesekken.no\/vestland\/?p=1422"},"modified":"2022-10-19T13:19:19","modified_gmt":"2022-10-19T12:19:19","slug":"forslag-til-dks-programmet-for-2023-24","status":"publish","type":"post","link":"https:\/\/www.denkulturelleskolesekken.no\/vestland\/2022\/10\/19\/forslag-til-dks-programmet-for-2023-24\/","title":{"rendered":"Forslag til DKS-programmet for 2023\/24"},"content":{"rendered":"\n<h4 class=\"wp-block-heading\"><strong>Vestland fylkeskommune fekk inn 1178 forslag til programmet for Den kulturelle skulesekken (DKS) for skule\u00e5ret 2023\/24. Om lag 80 av desse vil bli tatt inn i DKS-program i grunnskulen og vidareg\u00e5ande skule i fylket for komande skule\u00e5r.\u00a0\u00a0<\/strong><\/h4>\n\n\n\n<p><\/p>\n\n\n\n<h3 class=\"wp-block-heading\">St\u00f8tte til utvikling av nye DKS-produksjonar<\/h3>\n\n\n\n<p>Nytt av i \u00e5r er at ein ogs\u00e5 kan s\u00f8kje om st\u00f8tte til utvikling av nye DKS-produksjonar. Vestland fylkeskommune sin m\u00e5lsetting med tildeling av midlar til utvikling av nye produksjonar er \u00e5 oppn\u00e5 st\u00f8rre variasjon og mangfald i DKS-programmet, b\u00e5de n\u00e5r det gjeld type kunstuttrykk, tema og form. Blant dei innmelde forslaga er det fleire som har s\u00f8kt om st\u00f8tte til utvikling.<\/p>\n\n\n\n<h3 class=\"wp-block-heading\"><strong>Prosedyrar for handsaming av innkomne forslag<\/strong><\/h3>\n\n\n\n<p>Alle ut\u00f8varar kan sende inn forslag til Vestland fylkeskommune sitt DKS-program. Faggrupper med representantar fr\u00e5 b\u00e5de kultur- og skulesektoren medverkar i arbeidet med \u00e5 vurdere produksjonane. I arbeidet med programmet til vidareg\u00e5ande skule samarbeider avdeling for kultur og folkehelse med avdeling for oppl\u00e6ring og kompetanse, og det er sett ned ei arbeidsgruppe med representantar fr\u00e5 dei to avdelingane i tillegg til skulerepresentantar og elevar. Eit ungdomsprogramr\u00e5d vel ut nokre av produksjonane som skal inng\u00e5 i programmet.<\/p>\n\n\n\n<p>Nasjonale m\u00e5l for DKS ligg til grunn for arbeidet med skulesekken i Vestland fylkeskommune. I tillegg har fylkeskommunen vedtekne krav og kriterium for utvalet av produksjonar i DKS-programmet. Desse skal mellom anna sikre at programmet har variasjon i uttrykk og sjangrar, spelestad og formidlingsm\u00e5te. Dei skal ogs\u00e5 sikre at programmet har s\u00e6rleg vekt p\u00e5 regionale og lokale ut\u00f8varar, og at ein h\u00f8g del produksjonar er p\u00e5 nynorsk og ulike m\u00e5lf\u00f8re. Kriteria skal ogs\u00e5 sikre at det er god balanse mellom frilansut\u00f8varar\/frie grupper og st\u00f8rre kunst- og kulturinstitusjonar i programmet.<\/p>\n\n\n\n<h3 class=\"wp-block-heading\">Vestland fylkeskommune vektlegg f\u00f8lgjande uttrykk i programmeringa:<\/h3>\n\n\n\n<ul class=\"wp-block-list\"><li>1.\u20134. trinn: musikk, litteratur<\/li><li>5.\u20137. trinn: visuell kunst, scenekunst, musikk<\/li><li>8.\u201310. trinn: film, litteratur<\/li><li>Vidareg\u00e5ande skule: alle uttrykk<\/li><li>Forslag innan kulturarv f\u00e5r plass i ulike delar av programmet.<\/li><\/ul>\n\n\n\n<h3 class=\"wp-block-heading\">Meir informasjon<\/h3>\n\n\n\n<p>Charlotte Espeland<br>Koordinator, DKS<br><a href=\"tel:489 95 606\">489 95 606<\/a><br>Charlotte.Espeland@vlfk.no <\/p>\n","protected":false},"excerpt":{"rendered":"<p>Vestland fylkeskommune fekk inn 1178 forslag til programmet for Den kulturelle skulesekken (DKS) for skule\u00e5ret 2023\/24. Om lag 80 av desse vil bli tatt inn i DKS-program i grunnskulen og vidareg\u00e5ande skule i fylket for komande skule\u00e5r.\u00a0\u00a0 St\u00f8tte til utvikling av nye DKS-produksjonar Nytt av i \u00e5r er at ein ogs\u00e5 kan s\u00f8kje om st\u00f8tte [&hellip;]<\/p>\n","protected":false},"author":9,"featured_media":953,"comment_status":"closed","ping_status":"closed","sticky":false,"template":"","format":"standard","meta":{"footnotes":""},"categories":[2],"tags":[7,27],"class_list":["post-1422","post","type-post","status-publish","format-standard","has-post-thumbnail","hentry","category-aktuelt","tag-dksvestland","tag-program-23-24"],"_links":{"self":[{"href":"https:\/\/www.denkulturelleskolesekken.no\/vestland\/wp-json\/wp\/v2\/posts\/1422","targetHints":{"allow":["GET"]}}],"collection":[{"href":"https:\/\/www.denkulturelleskolesekken.no\/vestland\/wp-json\/wp\/v2\/posts"}],"about":[{"href":"https:\/\/www.denkulturelleskolesekken.no\/vestland\/wp-json\/wp\/v2\/types\/post"}],"author":[{"embeddable":true,"href":"https:\/\/www.denkulturelleskolesekken.no\/vestland\/wp-json\/wp\/v2\/users\/9"}],"replies":[{"embeddable":true,"href":"https:\/\/www.denkulturelleskolesekken.no\/vestland\/wp-json\/wp\/v2\/comments?post=1422"}],"version-history":[{"count":5,"href":"https:\/\/www.denkulturelleskolesekken.no\/vestland\/wp-json\/wp\/v2\/posts\/1422\/revisions"}],"predecessor-version":[{"id":1428,"href":"https:\/\/www.denkulturelleskolesekken.no\/vestland\/wp-json\/wp\/v2\/posts\/1422\/revisions\/1428"}],"wp:featuredmedia":[{"embeddable":true,"href":"https:\/\/www.denkulturelleskolesekken.no\/vestland\/wp-json\/wp\/v2\/media\/953"}],"wp:attachment":[{"href":"https:\/\/www.denkulturelleskolesekken.no\/vestland\/wp-json\/wp\/v2\/media?parent=1422"}],"wp:term":[{"taxonomy":"category","embeddable":true,"href":"https:\/\/www.denkulturelleskolesekken.no\/vestland\/wp-json\/wp\/v2\/categories?post=1422"},{"taxonomy":"post_tag","embeddable":true,"href":"https:\/\/www.denkulturelleskolesekken.no\/vestland\/wp-json\/wp\/v2\/tags?post=1422"}],"curies":[{"name":"wp","href":"https:\/\/api.w.org\/{rel}","templated":true}]}}