{"id":2192,"date":"2025-06-23T09:01:18","date_gmt":"2025-06-23T09:01:18","guid":{"rendered":"https:\/\/www.denkulturelleskolesekken.no\/troms\/?p=2192"},"modified":"2026-03-06T13:59:03","modified_gmt":"2026-03-06T13:59:03","slug":"nasjonal-arena-for-tilrettelagt-2026","status":"publish","type":"post","link":"https:\/\/www.denkulturelleskolesekken.no\/troms\/2025\/06\/23\/nasjonal-arena-for-tilrettelagt-2026\/","title":{"rendered":"Nasjonal arena for Tilrettelagt 2026"},"content":{"rendered":"\n<p><strong>10. &#8211; 11. februar 2026 arrangeres Nasjonal arena for Tilrettelagt i Harstad. <\/strong><\/p>\n\n\n\n<p><strong>Tema for konferansen er krysningspunktet skole og kunst.<\/strong><\/p>\n\n\n\n<p>Hvordan kan Den kulturelle skolesekken bidra til at alle elever uavhengig av funksjonsniv\u00e5 blir inkludert og f\u00e5r en god kunstnerisk opplevelse?<\/p>\n\n\n\n<p><a href=\"https:\/\/www.kulturtanken.no\/nasjonal-arena-for-tilrettelagt\/\">Nasjonal arena for Tilrettelagt<\/a>&nbsp;er et samarbeid mellom DKS Agder, DKS Akershus, DKS Rogaland, DKS Troms og Kulturtanken.<\/p>\n\n\n\n<p>For arrangementet i 2026 er ogs\u00e5 Harstad Kommune, Kv\u00e6fjord Kommune, S\u00f8r-Troms Museum v\/Trastad Samlinger og Trondenes Historiske Senter, samarbeidspart.&nbsp;<\/p>\n\n\n\n<div style=\"height:18px\" aria-hidden=\"true\" class=\"wp-block-spacer\"><\/div>\n\n\n\n<p><strong>P\u00e5meldingen er n\u00e5 stengt men her finner du programmet: <\/strong><a href=\"https:\/\/www.kulturtanken.no\/kalender\/2026\/nasjonal-arena-for-tilrettelagt-2026\/\">Nasjonal arena for Tilrettelagt 2026 &#8211; Kulturtanken<\/a><\/p>\n\n\n\n<div style=\"height:48px\" aria-hidden=\"true\" class=\"wp-block-spacer\"><\/div>\n\n\n\n<p><strong>Kontaktpersoner: <\/strong><\/p>\n\n\n\n<p><a href=\"mailto:ragnhild.gressnes@tromsfylke.no\"><strong>Ragnhild Gressnes<\/strong><\/a><br>Tlf: 993 84 600<\/p>\n\n\n\n<p><a href=\"mailto:mona.aas.johansen@tromsfylke.no\"><strong>Mona Aas Johansen<\/strong><\/a><br>Tlf: 414 14 234<\/p>\n\n\n\n<p><\/p>\n\n\n\n<p><\/p>\n","protected":false},"excerpt":{"rendered":"<p>10. &#8211; 11. februar 2026 arrangeres Nasjonal arena for Tilrettelagt i Harstad. Tema for konferansen er krysningspunktet skole og kunst. Hvordan kan Den kulturelle skolesekken bidra til at alle elever uavhengig av funksjonsniv\u00e5 blir inkludert og f\u00e5r en god kunstnerisk opplevelse? Nasjonal arena for Tilrettelagt&nbsp;er et samarbeid mellom DKS Agder, DKS Akershus, DKS Rogaland, DKS [&hellip;]<\/p>\n","protected":false},"author":17,"featured_media":2276,"comment_status":"closed","ping_status":"closed","sticky":false,"template":"","format":"standard","meta":{"footnotes":""},"categories":[1],"tags":[],"class_list":["post-2192","post","type-post","status-publish","format-standard","has-post-thumbnail","hentry","category-uncategorized"],"_links":{"self":[{"href":"https:\/\/www.denkulturelleskolesekken.no\/troms\/wp-json\/wp\/v2\/posts\/2192","targetHints":{"allow":["GET"]}}],"collection":[{"href":"https:\/\/www.denkulturelleskolesekken.no\/troms\/wp-json\/wp\/v2\/posts"}],"about":[{"href":"https:\/\/www.denkulturelleskolesekken.no\/troms\/wp-json\/wp\/v2\/types\/post"}],"author":[{"embeddable":true,"href":"https:\/\/www.denkulturelleskolesekken.no\/troms\/wp-json\/wp\/v2\/users\/17"}],"replies":[{"embeddable":true,"href":"https:\/\/www.denkulturelleskolesekken.no\/troms\/wp-json\/wp\/v2\/comments?post=2192"}],"version-history":[{"count":18,"href":"https:\/\/www.denkulturelleskolesekken.no\/troms\/wp-json\/wp\/v2\/posts\/2192\/revisions"}],"predecessor-version":[{"id":2319,"href":"https:\/\/www.denkulturelleskolesekken.no\/troms\/wp-json\/wp\/v2\/posts\/2192\/revisions\/2319"}],"wp:featuredmedia":[{"embeddable":true,"href":"https:\/\/www.denkulturelleskolesekken.no\/troms\/wp-json\/wp\/v2\/media\/2276"}],"wp:attachment":[{"href":"https:\/\/www.denkulturelleskolesekken.no\/troms\/wp-json\/wp\/v2\/media?parent=2192"}],"wp:term":[{"taxonomy":"category","embeddable":true,"href":"https:\/\/www.denkulturelleskolesekken.no\/troms\/wp-json\/wp\/v2\/categories?post=2192"},{"taxonomy":"post_tag","embeddable":true,"href":"https:\/\/www.denkulturelleskolesekken.no\/troms\/wp-json\/wp\/v2\/tags?post=2192"}],"curies":[{"name":"wp","href":"https:\/\/api.w.org\/{rel}","templated":true}]}}