{"id":1330,"date":"2025-08-07T08:43:08","date_gmt":"2025-08-07T08:43:08","guid":{"rendered":"https:\/\/www.denkulturelleskolesekken.no\/stavanger\/?p=1330"},"modified":"2025-11-05T14:02:49","modified_gmt":"2025-11-05T14:02:49","slug":"apen-utlysning-dks-lab-for-litteratur-i-agder-og-rogaland","status":"publish","type":"post","link":"https:\/\/www.denkulturelleskolesekken.no\/stavanger\/2025\/08\/07\/apen-utlysning-dks-lab-for-litteratur-i-agder-og-rogaland\/","title":{"rendered":"\u00c5pen utlysning: DKS-lab for litteratur i Agder og Rogaland"},"content":{"rendered":"\n<p>\u00d8nsker du \u00e5 bli en bedre formidler og gi barn og unge en god litter\u00e6r opplevelse? Har du en litter\u00e6r id\u00e9 eller et opplegg du \u00f8nsker \u00e5 utvikle? Da kan du s\u00f8ke om \u00e5 bli deltaker p\u00e5 DKS Littlab!<\/p>\n\n\n\n<p>Med midler fra Kulturtanken inviterer Agder og Rogaland fylkeskommune, DKS Stavanger og S\u00f8lvberget bibliotek til et laboratorium for utvikling av litteraturproduksjoner i Den kulturelle skolesekken. I Littlab blir du del av en utviklingsprosess der du veksler mellom selvstendig arbeid og arbeid i gruppe, der du b\u00e5de f\u00e5r og gir tilbakemeldinger.<\/p>\n\n\n\n<p><strong>Her f\u00e5r du verkt\u00f8y til \u00e5 jobbe med:<\/strong><\/p>\n\n\n\n<ul class=\"wp-block-list\">\n<li>bevisst bruk av rommet<\/li>\n\n\n\n<li>bruk av kropp og stemme<\/li>\n\n\n\n<li>dramaturgi og estetiske virkemidler<\/li>\n\n\n\n<li>m\u00e5lgruppetilpasning<\/li>\n<\/ul>\n\n\n\n<p><strong>Deltakere m\u00e5 sette av tre hele arbeidsdager:<\/strong><\/p>\n\n\n\n<ul class=\"wp-block-list\">\n<li>10. og 11. november 2025<\/li>\n\n\n\n<li>12. november, test-dag p\u00e5 skoler i Stavanger<\/li>\n<\/ul>\n\n\n\n<p><strong>Lab-dagene foreg\u00e5r p\u00e5 S\u00f8lvberget bibliotek i Stavanger, der jobber vi praktisk og kreativt med:<\/strong><\/p>\n\n\n\n<ul class=\"wp-block-list\">\n<li>id\u00e9utvikling<\/li>\n\n\n\n<li>metodevalg<\/li>\n\n\n\n<li>formidlingstrening<\/li>\n\n\n\n<li>pr\u00f8ving ute p\u00e5 skole<\/li>\n<\/ul>\n\n\n\n<h2 class=\"wp-block-heading\"><strong>S\u00f8knaden m\u00e5 inneholde:<\/strong><\/h2>\n\n\n\n<ul class=\"wp-block-list\">\n<li>En kort beskrivelse av id\u00e9en din til formidlingsopplegg<\/li>\n\n\n\n<li>Hvorfor du s\u00f8ker<\/li>\n\n\n\n<li>Hvilke egenskaper du \u00f8nsker \u00e5 utvikle som formidler<\/li>\n\n\n\n<li>Hvilken m\u00e5lgruppe du \u00f8nsker \u00e5 n\u00e5 \u2013 og hvorfor akkurat dem<\/li>\n\n\n\n<li>Relevant CV<\/li>\n\n\n\n<li>Vi oppfordrer deg til \u00e5 legge ved en kort video der du presenterer deg selv og prosjektet ditt (MP4 format)<\/li>\n\n\n\n<li>Du m\u00e5 ha regional tilknytning til enten Agder eller Rogaland<\/li>\n<\/ul>\n\n\n\n<p><strong>S\u00f8knadsfrist: 1. september 2025<\/strong><br><strong>Send s\u00f8knaden i Word-format som vedlegg til susanne.viste.bie@rogfk.no<\/strong><\/p>\n\n\n\n<p>Aktuelle deltakere vil bli kontaktet innen utgangen av september 2025.<\/p>\n\n\n\n<h2 class=\"wp-block-heading\" id=\"h-hvem-ser-vi-etter\">Hvem ser vi etter?<\/h2>\n\n\n\n<p>Vi s\u00f8ker deg med profesjonell bakgrunn innen litteratur eller formidling.<\/p>\n\n\n\n<p>Prosjektet ditt kan ta utgangspunkt i:<\/p>\n\n\n\n<ul class=\"wp-block-list\">\n<li>b\u00f8ker, forfatterskap, fortellinger, dikt<\/li>\n\n\n\n<li>illustrasjoner, bildeb\u00f8ker, tegneserier<\/li>\n\n\n\n<li>egne eller andres verk<\/li>\n\n\n\n<li>samspill med andre kunstformer<\/li>\n<\/ul>\n\n\n\n<p><strong>Format:<\/strong>&nbsp;Opplegget m\u00e5 kunne fungere i et klasserom, for \u00e9n eller to klasser.<\/p>\n\n\n\n<h2 class=\"wp-block-heading\" id=\"h-hva-far-du-som-deltaker\">Hva f\u00e5r du som deltaker?<\/h2>\n\n\n\n<ul class=\"wp-block-list\">\n<li>Reise, overnatting og diett dekkes<\/li>\n\n\n\n<li>DKS-dagshonorar etter gjeldende satser<\/li>\n\n\n\n<li>Inntil 10 ekstra timer honorert ved behov for videre utvikling<\/li>\n<\/ul>\n\n\n\n<h2 class=\"wp-block-heading\" id=\"h-sporsmal\"><strong>Sp\u00f8rsm\u00e5l?<\/strong><\/h2>\n\n\n\n<p><strong>Ta kontakt med:<\/strong><br>Susanne Viste Bie (Turn\u00e9legger og produsent for litteratur i DKS Rogaland)<br>Tlf. 92203137<br>E-post:&nbsp;<a href=\"mailto:susanne.viste.bie@rogfk.no\">susanne.viste.bie@rogfk.no<\/a><\/p>\n","protected":false},"excerpt":{"rendered":"<p>\u00d8nsker du \u00e5 bli en bedre formidler og gi barn og unge en god litter\u00e6r opplevelse? Har du en litter\u00e6r id\u00e9 eller et opplegg du \u00f8nsker \u00e5 utvikle? Da kan du s\u00f8ke om \u00e5 bli deltaker p\u00e5 DKS Littlab! Med midler fra Kulturtanken inviterer Agder og Rogaland fylkeskommune, DKS Stavanger og S\u00f8lvberget bibliotek til et [&hellip;]<\/p>\n","protected":false},"author":18,"featured_media":1332,"comment_status":"closed","ping_status":"open","sticky":false,"template":"","format":"standard","meta":{"footnotes":""},"categories":[1],"tags":[],"class_list":["post-1330","post","type-post","status-publish","format-standard","has-post-thumbnail","hentry","category-uncategorized"],"_links":{"self":[{"href":"https:\/\/www.denkulturelleskolesekken.no\/stavanger\/wp-json\/wp\/v2\/posts\/1330","targetHints":{"allow":["GET"]}}],"collection":[{"href":"https:\/\/www.denkulturelleskolesekken.no\/stavanger\/wp-json\/wp\/v2\/posts"}],"about":[{"href":"https:\/\/www.denkulturelleskolesekken.no\/stavanger\/wp-json\/wp\/v2\/types\/post"}],"author":[{"embeddable":true,"href":"https:\/\/www.denkulturelleskolesekken.no\/stavanger\/wp-json\/wp\/v2\/users\/18"}],"replies":[{"embeddable":true,"href":"https:\/\/www.denkulturelleskolesekken.no\/stavanger\/wp-json\/wp\/v2\/comments?post=1330"}],"version-history":[{"count":1,"href":"https:\/\/www.denkulturelleskolesekken.no\/stavanger\/wp-json\/wp\/v2\/posts\/1330\/revisions"}],"predecessor-version":[{"id":1331,"href":"https:\/\/www.denkulturelleskolesekken.no\/stavanger\/wp-json\/wp\/v2\/posts\/1330\/revisions\/1331"}],"wp:featuredmedia":[{"embeddable":true,"href":"https:\/\/www.denkulturelleskolesekken.no\/stavanger\/wp-json\/wp\/v2\/media\/1332"}],"wp:attachment":[{"href":"https:\/\/www.denkulturelleskolesekken.no\/stavanger\/wp-json\/wp\/v2\/media?parent=1330"}],"wp:term":[{"taxonomy":"category","embeddable":true,"href":"https:\/\/www.denkulturelleskolesekken.no\/stavanger\/wp-json\/wp\/v2\/categories?post=1330"},{"taxonomy":"post_tag","embeddable":true,"href":"https:\/\/www.denkulturelleskolesekken.no\/stavanger\/wp-json\/wp\/v2\/tags?post=1330"}],"curies":[{"name":"wp","href":"https:\/\/api.w.org\/{rel}","templated":true}]}}