{"id":1296,"date":"2024-08-12T12:33:06","date_gmt":"2024-08-12T12:33:06","guid":{"rendered":"https:\/\/www.denkulturelleskolesekken.no\/stavanger\/?p=1296"},"modified":"2025-11-05T14:03:10","modified_gmt":"2025-11-05T14:03:10","slug":"vil-du-bidra-i-den-kulturelle-skolesekken-skolearet-2025-26","status":"publish","type":"post","link":"https:\/\/www.denkulturelleskolesekken.no\/stavanger\/2024\/08\/12\/vil-du-bidra-i-den-kulturelle-skolesekken-skolearet-2025-26\/","title":{"rendered":"Vil du bidra i Den kulturelle skolesekken skole\u00e5ret 2026\/27?"},"content":{"rendered":"\n<p><strong>1. september \u00e5pner <\/strong><a href=\"https:\/\/www.denkulturelleskolesekken.no\/forside\/om-dks\/utover\/\"><strong>DKS-portalen<\/strong><\/a><strong> for innsending og reaktivering av programforslag til skole\u00e5ret 2026\/27. <u>Frist for innmelding er 1. oktober.<\/u><\/strong><\/p>\n\n\n\n<p>Den kulturelle skolesekken (DKS) m\u00f8ter alle barn og unge i Norge. Det er derfor en m\u00e5lsetting at ut\u00f8verne, produksjonen og apparatet som elevene m\u00f8ter speiler samfunnet v\u00e5rt, og synliggj\u00f8r rollemodeller for \u00e5 bidra til et inkluderende og mangfoldig fellesskap.<\/p>\n\n\n\n<p>Les mer <a href=\"https:\/\/www.denkulturelleskolesekken.no\/2022\/07\/14\/vil-du-bidra-i-den-kulturelle-skolesekken\/\">her.<\/a><\/p>\n\n\n\n<p><\/p>\n","protected":false},"excerpt":{"rendered":"<p>1. september \u00e5pner DKS-portalen for innsending og reaktivering av programforslag til skole\u00e5ret 2026\/27. Frist for innmelding er 1. oktober. Den kulturelle skolesekken (DKS) m\u00f8ter alle barn og unge i Norge. Det er derfor en m\u00e5lsetting at ut\u00f8verne, produksjonen og apparatet som elevene m\u00f8ter speiler samfunnet v\u00e5rt, og synliggj\u00f8r rollemodeller for \u00e5 bidra til et inkluderende [&hellip;]<\/p>\n","protected":false},"author":18,"featured_media":1322,"comment_status":"closed","ping_status":"open","sticky":false,"template":"","format":"standard","meta":{"footnotes":""},"categories":[1],"tags":[],"class_list":["post-1296","post","type-post","status-publish","format-standard","has-post-thumbnail","hentry","category-uncategorized"],"_links":{"self":[{"href":"https:\/\/www.denkulturelleskolesekken.no\/stavanger\/wp-json\/wp\/v2\/posts\/1296","targetHints":{"allow":["GET"]}}],"collection":[{"href":"https:\/\/www.denkulturelleskolesekken.no\/stavanger\/wp-json\/wp\/v2\/posts"}],"about":[{"href":"https:\/\/www.denkulturelleskolesekken.no\/stavanger\/wp-json\/wp\/v2\/types\/post"}],"author":[{"embeddable":true,"href":"https:\/\/www.denkulturelleskolesekken.no\/stavanger\/wp-json\/wp\/v2\/users\/18"}],"replies":[{"embeddable":true,"href":"https:\/\/www.denkulturelleskolesekken.no\/stavanger\/wp-json\/wp\/v2\/comments?post=1296"}],"version-history":[{"count":3,"href":"https:\/\/www.denkulturelleskolesekken.no\/stavanger\/wp-json\/wp\/v2\/posts\/1296\/revisions"}],"predecessor-version":[{"id":1335,"href":"https:\/\/www.denkulturelleskolesekken.no\/stavanger\/wp-json\/wp\/v2\/posts\/1296\/revisions\/1335"}],"wp:featuredmedia":[{"embeddable":true,"href":"https:\/\/www.denkulturelleskolesekken.no\/stavanger\/wp-json\/wp\/v2\/media\/1322"}],"wp:attachment":[{"href":"https:\/\/www.denkulturelleskolesekken.no\/stavanger\/wp-json\/wp\/v2\/media?parent=1296"}],"wp:term":[{"taxonomy":"category","embeddable":true,"href":"https:\/\/www.denkulturelleskolesekken.no\/stavanger\/wp-json\/wp\/v2\/categories?post=1296"},{"taxonomy":"post_tag","embeddable":true,"href":"https:\/\/www.denkulturelleskolesekken.no\/stavanger\/wp-json\/wp\/v2\/tags?post=1296"}],"curies":[{"name":"wp","href":"https:\/\/api.w.org\/{rel}","templated":true}]}}