{"id":2404,"date":"2026-04-29T06:30:50","date_gmt":"2026-04-29T06:30:50","guid":{"rendered":"https:\/\/www.denkulturelleskolesekken.no\/nordland\/?p=2404"},"modified":"2026-04-29T06:40:05","modified_gmt":"2026-04-29T06:40:05","slug":"dks-nordland-satser-pa-barnehage-og-starter-pilotprosjekt-for-okt-leselyst","status":"publish","type":"post","link":"https:\/\/www.denkulturelleskolesekken.no\/nordland\/2026\/04\/29\/dks-nordland-satser-pa-barnehage-og-starter-pilotprosjekt-for-okt-leselyst\/","title":{"rendered":"DKS Nordland satser p\u00e5 barnehage og starter pilotprosjekt for \u00f8kt leselyst"},"content":{"rendered":"\n<p>DKS Nordland har f\u00e5tt tildelt 315 000 kroner i leselystmidler fra Kulturtanken, og setter n\u00e5 i gang en ny satsing rettet mot de yngste barna. Gjennom&nbsp;pilotprosjektet&nbsp;<em>Den kulturelle&nbsp;barnehagesekken<\/em>&nbsp;skal vi teste ut hvordan litteraturformidling kan fungere i barnehage.&nbsp;<\/p>\n\n\n\n<p>Bakgrunnen for satsingen er utfordringene som l\u00f8ftes i Leselyststrategien 2024\u20132030, der manglende h\u00f8ytlesning for barn pekes p\u00e5 som en viktig \u00e5rsak til svekket leselyst. M\u00e5let med piloten er \u00e5 utforske hvordan gode litteraturopplevelser kan styrke b\u00e5de barns leseglede og voksnes motivasjon for \u00e5 lese h\u00f8yt.&nbsp;<\/p>\n\n\n\n<p>Prosjektleder Charlotte Wergeland er veldig spent p\u00e5 \u00e5 komme i gang med&nbsp;satsningen:&nbsp;<\/p>\n\n\n\n<blockquote class=\"wp-block-quote is-layout-flow wp-block-quote-is-layout-flow\">\n<p>&nbsp;\u201cJeg er veldig glad for at vi kan n\u00e5 barnehagebarna. Det er her det begynner, og med leselystmidlene kan vi&nbsp;i DKS Nordland&nbsp;bidra til \u00e5 legge et sterkt grunnlag for b\u00e5de leseglede og&nbsp;tidlig&nbsp;utvikling av&nbsp;leseridentitet.\u201d&nbsp;&nbsp;<\/p>\n<\/blockquote>\n\n\n\n<p>Prosjektet&nbsp;utvikles i dialog med Nordland Fylkesbibliotek ved Veronica M\u00f8rch,&nbsp;som over tid har jobbet med tiltak for \u00f8kt leselyst og var initiativtaker til det n\u00e5 nasjonale&nbsp;T\u00f8yveskebiblioteket.&nbsp;&nbsp;<\/p>\n\n\n\n<p>Tre kommuner er&nbsp;tilfeldig&nbsp;valgt ut til \u00e5 delta i f\u00f8rste fase: V\u00e5gan, Mel\u00f8y og Nesna. Alle barnehagene i disse kommunene vil f\u00e5 tilbud om en litteraturproduksjon i l\u00f8pet av h\u00f8sten 2026\/v\u00e5ren 2027.&nbsp;<\/p>\n\n\n\n<p>Prosjektet er n\u00e5 i oppstartsfasen, og vi ser frem til \u00e5 utvikle det videre i tett samarbeid med kommuner, barnehager og \u00f8vrige samarbeidspartnere.&nbsp;<\/p>\n","protected":false},"excerpt":{"rendered":"<p>DKS Nordland har f\u00e5tt tildelt 315 000 kroner i leselystmidler fra Kulturtanken, og setter n\u00e5 i gang en ny satsing rettet mot de yngste barna. Gjennom&nbsp;pilotprosjektet&nbsp;Den kulturelle&nbsp;barnehagesekken&nbsp;skal vi teste ut hvordan litteraturformidling kan fungere i barnehage.&nbsp; Bakgrunnen for satsingen er utfordringene som l\u00f8ftes i Leselyststrategien 2024\u20132030, der manglende h\u00f8ytlesning for barn pekes p\u00e5 som en [&hellip;]<\/p>\n","protected":false},"author":17,"featured_media":2405,"comment_status":"closed","ping_status":"open","sticky":false,"template":"","format":"standard","meta":{"footnotes":""},"categories":[2],"tags":[],"class_list":["post-2404","post","type-post","status-publish","format-standard","has-post-thumbnail","hentry","category-aktuelt"],"_links":{"self":[{"href":"https:\/\/www.denkulturelleskolesekken.no\/nordland\/wp-json\/wp\/v2\/posts\/2404","targetHints":{"allow":["GET"]}}],"collection":[{"href":"https:\/\/www.denkulturelleskolesekken.no\/nordland\/wp-json\/wp\/v2\/posts"}],"about":[{"href":"https:\/\/www.denkulturelleskolesekken.no\/nordland\/wp-json\/wp\/v2\/types\/post"}],"author":[{"embeddable":true,"href":"https:\/\/www.denkulturelleskolesekken.no\/nordland\/wp-json\/wp\/v2\/users\/17"}],"replies":[{"embeddable":true,"href":"https:\/\/www.denkulturelleskolesekken.no\/nordland\/wp-json\/wp\/v2\/comments?post=2404"}],"version-history":[{"count":2,"href":"https:\/\/www.denkulturelleskolesekken.no\/nordland\/wp-json\/wp\/v2\/posts\/2404\/revisions"}],"predecessor-version":[{"id":2408,"href":"https:\/\/www.denkulturelleskolesekken.no\/nordland\/wp-json\/wp\/v2\/posts\/2404\/revisions\/2408"}],"wp:featuredmedia":[{"embeddable":true,"href":"https:\/\/www.denkulturelleskolesekken.no\/nordland\/wp-json\/wp\/v2\/media\/2405"}],"wp:attachment":[{"href":"https:\/\/www.denkulturelleskolesekken.no\/nordland\/wp-json\/wp\/v2\/media?parent=2404"}],"wp:term":[{"taxonomy":"category","embeddable":true,"href":"https:\/\/www.denkulturelleskolesekken.no\/nordland\/wp-json\/wp\/v2\/categories?post=2404"},{"taxonomy":"post_tag","embeddable":true,"href":"https:\/\/www.denkulturelleskolesekken.no\/nordland\/wp-json\/wp\/v2\/tags?post=2404"}],"curies":[{"name":"wp","href":"https:\/\/api.w.org\/{rel}","templated":true}]}}