{"id":2365,"date":"2026-04-10T07:21:09","date_gmt":"2026-04-10T07:21:09","guid":{"rendered":"https:\/\/www.denkulturelleskolesekken.no\/nordland\/?p=2365"},"modified":"2026-04-10T07:24:23","modified_gmt":"2026-04-10T07:24:23","slug":"programslipp-2026-27","status":"publish","type":"post","link":"https:\/\/www.denkulturelleskolesekken.no\/nordland\/2026\/04\/10\/programslipp-2026-27\/","title":{"rendered":"Programslipp 2026\/27"},"content":{"rendered":"\n<p>Vi har sluppet programmet for neste skole\u00e5r for elever i grunnskoler og videreg\u00e5ende skoler!<\/p>\n\n\n\n<p><em>DKS Nordland tilbyr et mangfoldig program av h\u00f8y kvalitet, med m\u00e5l om \u00e5 engasjere, inspirere og utfordre. Vi legger vekt p\u00e5 kunstens egenverdi; kunsten r\u00f8rer ved oss p\u00e5 uventet vis og gir rom for utvikling og nye impulser.\u00a0Vi h\u00e5per at programmet\u00a0 setter spor\u00a0hos unge \u00f8yne, hjerter og sinn!<\/em><br><br>Totalt 50 produksjoner innenfor visuell kunst, musikk, litteratur, film, kulturarv og scenekunst ruller ut med til sammen 61 turneer. Programmet finner du merket 2026\/27 p\u00e5 <a href=\"https:\/\/www.denkulturelleskolesekken.no\/nordland\/utforsk-produksjoner-i-dks\/\">Utforsk produksjoner i DKS | DKS Nordland<\/a>.<br><br>Under finner du korte programfilmer som viser nettopp DKS-programmet for hvert distrikt. <br>Bruk de til \u00e5 skape interesse for hvilke opplevelser som elever og l\u00e6rere har i vente. <br>Vis dem for eksempel i klasserommet, p\u00e5 foreldre &#8211; og personalm\u00f8ter. Snurr film!<br><br><\/p>\n\n\n\n<h2 class=\"wp-block-heading\">Lofoten &amp; Vester\u00e5len 2026\/27<\/h2>\n\n\n\n<figure class=\"wp-block-video\"><video controls src=\"https:\/\/cdn.denkulturelleskolesekken.no\/nordland\/24fe89cf-dks-nordland-lofoten-vesteralen-2026_27.mp4\"><\/video><\/figure>\n\n\n\n<h2 class=\"wp-block-heading\">Ofoten 2026\/27<\/h2>\n\n\n\n<figure class=\"wp-block-video\"><video controls src=\"https:\/\/cdn.denkulturelleskolesekken.no\/nordland\/9c2757de-dks-nordland-ofoten-26_27.mp4\"><\/video><\/figure>\n\n\n\n<h2 class=\"wp-block-heading\">Salten 2026\/27<\/h2>\n\n\n\n<figure class=\"wp-block-video\"><video controls src=\"https:\/\/cdn.denkulturelleskolesekken.no\/nordland\/ec4d282c-dks-nordland-salten-2026_27.mp4\"><\/video><\/figure>\n\n\n\n<h2 class=\"wp-block-heading\">Helgeland Nord<\/h2>\n\n\n\n<figure class=\"wp-block-video\"><video controls src=\"https:\/\/cdn.denkulturelleskolesekken.no\/nordland\/dd7c605c-dks-nordland-helgeland-nord-26_27.mp4\"><\/video><\/figure>\n\n\n\n<h2 class=\"wp-block-heading\">Helgeland S\u00f8r<\/h2>\n\n\n\n<figure class=\"wp-block-video\"><video controls src=\"https:\/\/cdn.denkulturelleskolesekken.no\/nordland\/59171b72-dks-nordland-helgeland-sor-2026_27.mp4\"><\/video><\/figure>\n\n\n\n<h2 class=\"wp-block-heading\">Videreg\u00e5ende skoler 2026\/27<\/h2>\n\n\n\n<figure class=\"wp-block-video\"><video controls src=\"https:\/\/cdn.denkulturelleskolesekken.no\/nordland\/22b69356-dks-nordland-videregaende-skoler-2026_27.mp4\"><\/video><\/figure>\n","protected":false},"excerpt":{"rendered":"<p>Vi har sluppet programmet for neste skole\u00e5r for elever i grunnskoler og videreg\u00e5ende skoler! DKS Nordland tilbyr et mangfoldig program av h\u00f8y kvalitet, med m\u00e5l om \u00e5 engasjere, inspirere og utfordre. Vi legger vekt p\u00e5 kunstens egenverdi; kunsten r\u00f8rer ved oss p\u00e5 uventet vis og gir rom for utvikling og nye impulser.\u00a0Vi h\u00e5per at programmet\u00a0 [&hellip;]<\/p>\n","protected":false},"author":9,"featured_media":2398,"comment_status":"closed","ping_status":"open","sticky":false,"template":"","format":"standard","meta":{"footnotes":""},"categories":[2],"tags":[],"class_list":["post-2365","post","type-post","status-publish","format-standard","has-post-thumbnail","hentry","category-aktuelt"],"_links":{"self":[{"href":"https:\/\/www.denkulturelleskolesekken.no\/nordland\/wp-json\/wp\/v2\/posts\/2365","targetHints":{"allow":["GET"]}}],"collection":[{"href":"https:\/\/www.denkulturelleskolesekken.no\/nordland\/wp-json\/wp\/v2\/posts"}],"about":[{"href":"https:\/\/www.denkulturelleskolesekken.no\/nordland\/wp-json\/wp\/v2\/types\/post"}],"author":[{"embeddable":true,"href":"https:\/\/www.denkulturelleskolesekken.no\/nordland\/wp-json\/wp\/v2\/users\/9"}],"replies":[{"embeddable":true,"href":"https:\/\/www.denkulturelleskolesekken.no\/nordland\/wp-json\/wp\/v2\/comments?post=2365"}],"version-history":[{"count":4,"href":"https:\/\/www.denkulturelleskolesekken.no\/nordland\/wp-json\/wp\/v2\/posts\/2365\/revisions"}],"predecessor-version":[{"id":2400,"href":"https:\/\/www.denkulturelleskolesekken.no\/nordland\/wp-json\/wp\/v2\/posts\/2365\/revisions\/2400"}],"wp:featuredmedia":[{"embeddable":true,"href":"https:\/\/www.denkulturelleskolesekken.no\/nordland\/wp-json\/wp\/v2\/media\/2398"}],"wp:attachment":[{"href":"https:\/\/www.denkulturelleskolesekken.no\/nordland\/wp-json\/wp\/v2\/media?parent=2365"}],"wp:term":[{"taxonomy":"category","embeddable":true,"href":"https:\/\/www.denkulturelleskolesekken.no\/nordland\/wp-json\/wp\/v2\/categories?post=2365"},{"taxonomy":"post_tag","embeddable":true,"href":"https:\/\/www.denkulturelleskolesekken.no\/nordland\/wp-json\/wp\/v2\/tags?post=2365"}],"curies":[{"name":"wp","href":"https:\/\/api.w.org\/{rel}","templated":true}]}}