{"id":2265,"date":"2025-11-07T08:22:52","date_gmt":"2025-11-07T08:22:52","guid":{"rendered":"https:\/\/www.denkulturelleskolesekken.no\/nordland\/?p=2265"},"modified":"2026-03-19T11:23:24","modified_gmt":"2026-03-19T11:23:24","slug":"fire-sterke-stemmer-klare-for-littlab-nord-i-bodo","status":"publish","type":"post","link":"https:\/\/www.denkulturelleskolesekken.no\/nordland\/2025\/11\/07\/fire-sterke-stemmer-klare-for-littlab-nord-i-bodo\/","title":{"rendered":"Fire sterke stemmer klare for Littlab Nord i Bod\u00f8"},"content":{"rendered":"\n<p>Interessen for \u00e5rets utlysning til Littlab Nord har v\u00e6rt stor \u2013 hele 17 prosjekter ble sendt inn fra forfattere over hele Norge. N\u00e5 er fire deltakere valgt ut til \u00e5 delta p\u00e5 laben i Bod\u00f8 neste uke.<\/p>\n\n\n\n<p>\u2013 Det var en krevende utvelgelse. Niv\u00e5et var h\u00f8yt, og vi hadde mange flere kvalifiserte s\u00f8kere enn plasser, forteller prosjektleder Charlotte Wergeland fra DKS Nordland.<\/p>\n\n\n\n<p>Utvelgelseskomit\u00e9en bestod av Charlotte Wergeland (DKS Nordland), Susanne Ruth Baumg\u00e4rtel (DKS Troms\u00f8), Kristin Sundelin (DKS Finnmark), Eva Marianne Olsson (DKS Bod\u00f8) og Ida Endestad og Christina Pernille \u00c5rst (Norsk Forfattersentrum).<\/p>\n\n\n\n<p>De er n\u00e5 glade for \u00e5 kunne presentere \u00e5rets deltakere:<\/p>\n\n\n\n<p><strong>Kirsi Paltto<\/strong><br>Kirsi er opprinnelig fra Finland, n\u00e5 bosatt i Karasjok. Hun er forfatter, forlegger og billedkunstner, og skriver b\u00e5de poesi og skj\u00f8nnlitteratur p\u00e5 nordsamisk. P\u00e5 Littlab Nord skal hun jobbe med formidlingen av barneboken <em>Gos don leat, Elle? \/ Hvor er du, Elle?<\/em> (ABC-Company E-skuvla AS, 2019).<\/p>\n\n\n\n<p><strong>Thoralf Fagertun<\/strong><br>Thoralf er opprinnelig fra Mel\u00f8y, men bor i Bod\u00f8. Han er litteraturviter, og har arbeidet innen journalistikk, kultur og forskningsformidling. Vi kjenner ham best som barnebokforfatter, og p\u00e5 Littlab Nord skal han jobbe med formidlingen av sin nyeste barnebok <em>Kobbs Hus<\/em> (Samlaget, 2024).<\/p>\n\n\n\n<p><strong>Trine Strand<\/strong><br>Trine er fra Balsfjord, n\u00e5 bosatt i Dyr\u00f8y. Hun er sanger, tekstforfatter, kultursjef og komponist \u2013 og snart ogs\u00e5 forfatter. Barneboken <em>Bestemors hemmelighet &#8211; \u00c4mmin salaisuus<\/em> kommer ut i 2026, og det er formidlingen av denne hun skal arbeide med under Littlab Nord.<\/p>\n\n\n\n<p><strong>Tone Nilsen-Bie<\/strong><br>Tone er norsk forfatter, opprinnelig fra Flor\u00f8, men hun har bodd i Alta siden 2004. Hun debuterte i 2021 med <em>Sumarvariasjonar<\/em>, en novellesamling for ungdom. P\u00e5 Littlab Nord skal hun jobbe med formidlingen av sin kommende bok <em>Fotball eller livet<\/em>, en novellekrans for ungdom.<\/p>\n\n\n\n<p>\u2013 Vi gleder oss til \u00e5 ta imot \u00e5rets deltakere i Bod\u00f8 og er spente p\u00e5 arbeidet som ligger foran oss, sier Wergeland. \u2013 Littlab Nord er et utviklingslaboratorium for litteraturformidling i Den kulturelle skolesekken, og et samarbeidsprosjekt mellom DKS Nordland, DKS Finnmark, DKS Troms\u00f8, DKS Bod\u00f8 og Norsk Forfattersentrum, st\u00f8ttet av Kulturtanken.\u00a0<\/p>\n\n\n\n<figure class=\"wp-block-image size-full\"><img loading=\"lazy\" decoding=\"async\" width=\"851\" height=\"315\" src=\"https:\/\/cdn.denkulturelleskolesekken.no\/nordland\/2074da0b-design-uten-navn.png\" alt=\"\" class=\"wp-image-2270\" srcset=\"https:\/\/cdn.denkulturelleskolesekken.no\/nordland\/2074da0b-design-uten-navn.png 851w, https:\/\/cdn.denkulturelleskolesekken.no\/nordland\/2074da0b-design-uten-navn-300x111.png 300w, https:\/\/cdn.denkulturelleskolesekken.no\/nordland\/2074da0b-design-uten-navn-768x284.png 768w\" sizes=\"auto, (max-width: 851px) 100vw, 851px\" \/><\/figure>\n\n\n\n<p>Foto (fra venstre til h\u00f8yre): Arto Liiti, Marthe M\u00f8lstre, Rune Strand og privat. <\/p>\n","protected":false},"excerpt":{"rendered":"<p>Interessen for \u00e5rets utlysning til Littlab Nord har v\u00e6rt stor \u2013 hele 17 prosjekter ble sendt inn fra forfattere over hele Norge. N\u00e5 er fire deltakere valgt ut til \u00e5 delta p\u00e5 laben i Bod\u00f8 neste uke. \u2013 Det var en krevende utvelgelse. Niv\u00e5et var h\u00f8yt, og vi hadde mange flere kvalifiserte s\u00f8kere enn plasser, [&hellip;]<\/p>\n","protected":false},"author":17,"featured_media":2270,"comment_status":"closed","ping_status":"open","sticky":false,"template":"","format":"standard","meta":{"footnotes":""},"categories":[2],"tags":[],"class_list":["post-2265","post","type-post","status-publish","format-standard","has-post-thumbnail","hentry","category-aktuelt"],"_links":{"self":[{"href":"https:\/\/www.denkulturelleskolesekken.no\/nordland\/wp-json\/wp\/v2\/posts\/2265","targetHints":{"allow":["GET"]}}],"collection":[{"href":"https:\/\/www.denkulturelleskolesekken.no\/nordland\/wp-json\/wp\/v2\/posts"}],"about":[{"href":"https:\/\/www.denkulturelleskolesekken.no\/nordland\/wp-json\/wp\/v2\/types\/post"}],"author":[{"embeddable":true,"href":"https:\/\/www.denkulturelleskolesekken.no\/nordland\/wp-json\/wp\/v2\/users\/17"}],"replies":[{"embeddable":true,"href":"https:\/\/www.denkulturelleskolesekken.no\/nordland\/wp-json\/wp\/v2\/comments?post=2265"}],"version-history":[{"count":3,"href":"https:\/\/www.denkulturelleskolesekken.no\/nordland\/wp-json\/wp\/v2\/posts\/2265\/revisions"}],"predecessor-version":[{"id":2271,"href":"https:\/\/www.denkulturelleskolesekken.no\/nordland\/wp-json\/wp\/v2\/posts\/2265\/revisions\/2271"}],"wp:featuredmedia":[{"embeddable":true,"href":"https:\/\/www.denkulturelleskolesekken.no\/nordland\/wp-json\/wp\/v2\/media\/2270"}],"wp:attachment":[{"href":"https:\/\/www.denkulturelleskolesekken.no\/nordland\/wp-json\/wp\/v2\/media?parent=2265"}],"wp:term":[{"taxonomy":"category","embeddable":true,"href":"https:\/\/www.denkulturelleskolesekken.no\/nordland\/wp-json\/wp\/v2\/categories?post=2265"},{"taxonomy":"post_tag","embeddable":true,"href":"https:\/\/www.denkulturelleskolesekken.no\/nordland\/wp-json\/wp\/v2\/tags?post=2265"}],"curies":[{"name":"wp","href":"https:\/\/api.w.org\/{rel}","templated":true}]}}