{"id":2178,"date":"2025-07-14T08:02:30","date_gmt":"2025-07-14T08:02:30","guid":{"rendered":"https:\/\/www.denkulturelleskolesekken.no\/nordland\/?p=2178"},"modified":"2025-07-14T08:16:21","modified_gmt":"2025-07-14T08:16:21","slug":"dks-ordbok","status":"publish","type":"post","link":"https:\/\/www.denkulturelleskolesekken.no\/nordland\/2025\/07\/14\/dks-ordbok\/","title":{"rendered":"DKS-ordbok"},"content":{"rendered":"\n<p>For \u00e5 forst\u00e5 hverandre bedre har vi laget v\u00e5r egen DKS-ordbok. <br><\/p>\n\n\n\n<ul class=\"wp-block-list\">\n<li>DKS= Den kulturelle skolesekken, regjeringens st\u00f8rste satsning p\u00e5 kunst og kultur for barn og unge <a href=\"https:\/\/dkskommer.no\/om-dks\/\">Om DKS &#8211; DKS kommer<\/a><\/li>\n\n\n\n<li>Publikum i DKS= elever og l\u00e6rere 1.-13.trinn<\/li>\n\n\n\n<li>Kulturarrang\u00f8rer= et team med elever som sammen med kulturkontakt arrangerer kunst- og kulturm\u00f8ter i skolen <a href=\"https:\/\/www.denkulturelleskolesekken.no\/nordland\/for-kulturkontakter\/919-2\/\">Kulturarrang\u00f8rer | DKS Nordland<\/a><\/li>\n\n\n\n<li>Produksjon= kunst- og kulturm\u00f8ter som feks. forestillinger, filmvisning, konsert, dans, museumsbes\u00f8k, verksted m.m. <a href=\"https:\/\/www.denkulturelleskolesekken.no\/nordland\/\">| DKS Nordland<\/a><\/li>\n\n\n\n<li>Kulturkontakt= ansatt i skolen og er bindeleddet mellom DKS og skolen <a href=\"https:\/\/dkskommer.no\/for-kulturkontakter\/\">For kulturkontakter &#8211; DKS kommer<\/a><\/li>\n\n\n\n<li>Distriktsansvarlig og fagansvarlig=produsent i DKS Nordland <a href=\"https:\/\/www.denkulturelleskolesekken.no\/nordland\/om-dks-nordland\/kontakt-oss\/\">Kontakt oss | DKS Nordland<\/a><\/li>\n\n\n\n<li>Kommunekontakt= lokalt ansatt i hver kommune, programmerer for tildelte spillemidler og hovedsaklig kulturarv (s\u00e5kalt abonnementskommune) <\/li>\n\n\n\n<li>L\u00e6reren= d\u00f8r\u00e5pneren til kunstm\u00f8tet til elevene, <a href=\"https:\/\/dkskommer.no\/\">For l\u00e6rere &#8211; DKS kommer<\/a><\/li>\n\n\n\n<li>Skolelederen= ansvarlig for DKS-ordningen p\u00e5 hver skole <a href=\"https:\/\/dkskommer.no\/for-skoleledere\/\">For skoleledere &#8211; DKS kommer<\/a><\/li>\n\n\n\n<li>Turn\u00e9plan= reiseruten til ut\u00f8veren og skolenes kalender over kunst- og kulturm\u00f8tene<\/li>\n\n\n\n<li>Ut\u00f8veren= profesjonell musiker, danser, kunstner, regiss\u00f8r, skuespiller m.m.<\/li>\n\n\n\n<li>Portalen= Profesjonelle ut\u00f8vere, produsenter og formidlere av kunst og kultur kan melde inn forslag og visningsrute for elever og l\u00e6rere om deres DKS-tilbud, og en bank for alle produksjoner som er p\u00e5 turn\u00e9. <a href=\"https:\/\/www.kulturtanken.no\/den-kulturelle-skolesekken\/\">Den kulturelle skolesekken &#8211; Kulturtanken<\/a><\/li>\n\n\n\n<li>Program= oversikt over hva som kommer til din skole<\/li>\n<\/ul>\n\n\n\n<figure class=\"wp-block-image size-large\"><img loading=\"lazy\" decoding=\"async\" width=\"1024\" height=\"576\" src=\"https:\/\/cdn.denkulturelleskolesekken.no\/nordland\/238d3a74-kart-over-organiasjon-1024x576.png\" alt=\"Kart over organisering i DKS\" class=\"wp-image-2185\" srcset=\"https:\/\/cdn.denkulturelleskolesekken.no\/nordland\/238d3a74-kart-over-organiasjon-1024x576.png 1024w, https:\/\/cdn.denkulturelleskolesekken.no\/nordland\/238d3a74-kart-over-organiasjon-300x169.png 300w, https:\/\/cdn.denkulturelleskolesekken.no\/nordland\/238d3a74-kart-over-organiasjon-768x432.png 768w, https:\/\/cdn.denkulturelleskolesekken.no\/nordland\/238d3a74-kart-over-organiasjon.png 1200w\" sizes=\"auto, (max-width: 1024px) 100vw, 1024px\" \/><figcaption class=\"wp-element-caption\">kart over organisering i DKS<\/figcaption><\/figure>\n","protected":false},"excerpt":{"rendered":"<p>For \u00e5 forst\u00e5 hverandre bedre har vi laget v\u00e5r egen DKS-ordbok.<\/p>\n","protected":false},"author":9,"featured_media":2080,"comment_status":"closed","ping_status":"open","sticky":false,"template":"","format":"standard","meta":{"footnotes":""},"categories":[2],"tags":[],"class_list":["post-2178","post","type-post","status-publish","format-standard","has-post-thumbnail","hentry","category-aktuelt"],"_links":{"self":[{"href":"https:\/\/www.denkulturelleskolesekken.no\/nordland\/wp-json\/wp\/v2\/posts\/2178","targetHints":{"allow":["GET"]}}],"collection":[{"href":"https:\/\/www.denkulturelleskolesekken.no\/nordland\/wp-json\/wp\/v2\/posts"}],"about":[{"href":"https:\/\/www.denkulturelleskolesekken.no\/nordland\/wp-json\/wp\/v2\/types\/post"}],"author":[{"embeddable":true,"href":"https:\/\/www.denkulturelleskolesekken.no\/nordland\/wp-json\/wp\/v2\/users\/9"}],"replies":[{"embeddable":true,"href":"https:\/\/www.denkulturelleskolesekken.no\/nordland\/wp-json\/wp\/v2\/comments?post=2178"}],"version-history":[{"count":6,"href":"https:\/\/www.denkulturelleskolesekken.no\/nordland\/wp-json\/wp\/v2\/posts\/2178\/revisions"}],"predecessor-version":[{"id":2188,"href":"https:\/\/www.denkulturelleskolesekken.no\/nordland\/wp-json\/wp\/v2\/posts\/2178\/revisions\/2188"}],"wp:featuredmedia":[{"embeddable":true,"href":"https:\/\/www.denkulturelleskolesekken.no\/nordland\/wp-json\/wp\/v2\/media\/2080"}],"wp:attachment":[{"href":"https:\/\/www.denkulturelleskolesekken.no\/nordland\/wp-json\/wp\/v2\/media?parent=2178"}],"wp:term":[{"taxonomy":"category","embeddable":true,"href":"https:\/\/www.denkulturelleskolesekken.no\/nordland\/wp-json\/wp\/v2\/categories?post=2178"},{"taxonomy":"post_tag","embeddable":true,"href":"https:\/\/www.denkulturelleskolesekken.no\/nordland\/wp-json\/wp\/v2\/tags?post=2178"}],"curies":[{"name":"wp","href":"https:\/\/api.w.org\/{rel}","templated":true}]}}