{"id":2172,"date":"2025-07-14T06:26:28","date_gmt":"2025-07-14T06:26:28","guid":{"rendered":"https:\/\/www.denkulturelleskolesekken.no\/nordland\/?p=2172"},"modified":"2025-07-14T06:41:58","modified_gmt":"2025-07-14T06:41:58","slug":"programfilmer-2025-2026","status":"publish","type":"post","link":"https:\/\/www.denkulturelleskolesekken.no\/nordland\/2025\/07\/14\/programfilmer-2025-2026\/","title":{"rendered":"Programfilmer 2025\/2026"},"content":{"rendered":"\n<p>Her finner du superkorte programfilmer som viser nettopp DKS-programmet for hvert distrikt. <br>Bruk de til \u00e5 skape interesse for hvilke opplevelser som elever og l\u00e6rere har i vente. <br>Vis dem for eksempel i klasserommet, p\u00e5 foreldre &#8211; og personalm\u00f8ter. Snurr film!<br>Les mer om hver produksjon p\u00e5 <a href=\"https:\/\/www.denkulturelleskolesekken.no\/nordland\/utforsk-produksjoner-i-dks\/\">Utforsk produksjoner i DKS | DKS Nordland<\/a>.<\/p>\n\n\n\n<figure class=\"wp-block-embed is-type-video is-provider-youtube wp-block-embed-youtube wp-embed-aspect-16-9 wp-has-aspect-ratio\"><div class=\"wp-block-embed__wrapper\">\n<iframe loading=\"lazy\" title=\"DKS Nordland program 25\/26 Lofoten og Vester\u00e5len\" width=\"500\" height=\"281\" src=\"https:\/\/www.youtube.com\/embed\/_ckFtuvCZcM?feature=oembed\" frameborder=\"0\" allow=\"accelerometer; autoplay; clipboard-write; encrypted-media; gyroscope; picture-in-picture; web-share\" referrerpolicy=\"strict-origin-when-cross-origin\" allowfullscreen><\/iframe>\n<\/div><\/figure>\n\n\n\n<figure class=\"wp-block-embed is-type-video is-provider-youtube wp-block-embed-youtube wp-embed-aspect-16-9 wp-has-aspect-ratio\"><div class=\"wp-block-embed__wrapper\">\n<iframe loading=\"lazy\" title=\"DKS Nordland program 25\/26 Ofoten\" width=\"500\" height=\"281\" src=\"https:\/\/www.youtube.com\/embed\/whY7WBaWpUc?feature=oembed\" frameborder=\"0\" allow=\"accelerometer; autoplay; clipboard-write; encrypted-media; gyroscope; picture-in-picture; web-share\" referrerpolicy=\"strict-origin-when-cross-origin\" allowfullscreen><\/iframe>\n<\/div><\/figure>\n\n\n\n<figure class=\"wp-block-embed is-type-video is-provider-youtube wp-block-embed-youtube wp-embed-aspect-16-9 wp-has-aspect-ratio\"><div class=\"wp-block-embed__wrapper\">\n<iframe loading=\"lazy\" title=\"DKS Nordland program 25\/26 Salten\" width=\"500\" height=\"281\" src=\"https:\/\/www.youtube.com\/embed\/WKoSZN5d0NA?feature=oembed\" frameborder=\"0\" allow=\"accelerometer; autoplay; clipboard-write; encrypted-media; gyroscope; picture-in-picture; web-share\" referrerpolicy=\"strict-origin-when-cross-origin\" allowfullscreen><\/iframe>\n<\/div><\/figure>\n\n\n\n<figure class=\"wp-block-embed is-type-video is-provider-youtube wp-block-embed-youtube wp-embed-aspect-16-9 wp-has-aspect-ratio\"><div class=\"wp-block-embed__wrapper\">\n<iframe loading=\"lazy\" title=\"DKS Nordland program 25\/26 Videreg\u00e5ende skole\" width=\"500\" height=\"281\" src=\"https:\/\/www.youtube.com\/embed\/TtrcCsoSTpE?feature=oembed\" frameborder=\"0\" allow=\"accelerometer; autoplay; clipboard-write; encrypted-media; gyroscope; picture-in-picture; web-share\" referrerpolicy=\"strict-origin-when-cross-origin\" allowfullscreen><\/iframe>\n<\/div><\/figure>\n\n\n\n<figure class=\"wp-block-embed is-type-video is-provider-youtube wp-block-embed-youtube wp-embed-aspect-16-9 wp-has-aspect-ratio\"><div class=\"wp-block-embed__wrapper\">\n<iframe loading=\"lazy\" title=\"DKS Nordland Helgeland Nord\" width=\"500\" height=\"281\" src=\"https:\/\/www.youtube.com\/embed\/qEN5ApiIcl8?feature=oembed\" frameborder=\"0\" allow=\"accelerometer; autoplay; clipboard-write; encrypted-media; gyroscope; picture-in-picture; web-share\" referrerpolicy=\"strict-origin-when-cross-origin\" allowfullscreen><\/iframe>\n<\/div><\/figure>\n\n\n\n<figure class=\"wp-block-embed is-type-video is-provider-youtube wp-block-embed-youtube wp-embed-aspect-16-9 wp-has-aspect-ratio\"><div class=\"wp-block-embed__wrapper\">\n<iframe loading=\"lazy\" title=\"DKS Nordland program 25\/26 Helgeland S\u00f8r\" width=\"500\" height=\"281\" src=\"https:\/\/www.youtube.com\/embed\/W_If_v3pMTQ?feature=oembed\" frameborder=\"0\" allow=\"accelerometer; autoplay; clipboard-write; encrypted-media; gyroscope; picture-in-picture; web-share\" referrerpolicy=\"strict-origin-when-cross-origin\" allowfullscreen><\/iframe>\n<\/div><\/figure>\n","protected":false},"excerpt":{"rendered":"<p>Her finner du superkorte programfilmer som viser nettopp DKS-programmet for hvert distrikt. Bruk de til \u00e5 skape interesse for hvilke opplevelser som elever og l\u00e6rere har i vente. Vis dem for eksempel i klasserommet, p\u00e5 foreldre &#8211; og personalm\u00f8ter. Snurr film!Les mer om hver produksjon p\u00e5 Utforsk produksjoner i DKS | DKS Nordland.<\/p>\n","protected":false},"author":9,"featured_media":2175,"comment_status":"closed","ping_status":"open","sticky":false,"template":"","format":"standard","meta":{"footnotes":""},"categories":[2],"tags":[],"class_list":["post-2172","post","type-post","status-publish","format-standard","has-post-thumbnail","hentry","category-aktuelt"],"_links":{"self":[{"href":"https:\/\/www.denkulturelleskolesekken.no\/nordland\/wp-json\/wp\/v2\/posts\/2172","targetHints":{"allow":["GET"]}}],"collection":[{"href":"https:\/\/www.denkulturelleskolesekken.no\/nordland\/wp-json\/wp\/v2\/posts"}],"about":[{"href":"https:\/\/www.denkulturelleskolesekken.no\/nordland\/wp-json\/wp\/v2\/types\/post"}],"author":[{"embeddable":true,"href":"https:\/\/www.denkulturelleskolesekken.no\/nordland\/wp-json\/wp\/v2\/users\/9"}],"replies":[{"embeddable":true,"href":"https:\/\/www.denkulturelleskolesekken.no\/nordland\/wp-json\/wp\/v2\/comments?post=2172"}],"version-history":[{"count":2,"href":"https:\/\/www.denkulturelleskolesekken.no\/nordland\/wp-json\/wp\/v2\/posts\/2172\/revisions"}],"predecessor-version":[{"id":2177,"href":"https:\/\/www.denkulturelleskolesekken.no\/nordland\/wp-json\/wp\/v2\/posts\/2172\/revisions\/2177"}],"wp:featuredmedia":[{"embeddable":true,"href":"https:\/\/www.denkulturelleskolesekken.no\/nordland\/wp-json\/wp\/v2\/media\/2175"}],"wp:attachment":[{"href":"https:\/\/www.denkulturelleskolesekken.no\/nordland\/wp-json\/wp\/v2\/media?parent=2172"}],"wp:term":[{"taxonomy":"category","embeddable":true,"href":"https:\/\/www.denkulturelleskolesekken.no\/nordland\/wp-json\/wp\/v2\/categories?post=2172"},{"taxonomy":"post_tag","embeddable":true,"href":"https:\/\/www.denkulturelleskolesekken.no\/nordland\/wp-json\/wp\/v2\/tags?post=2172"}],"curies":[{"name":"wp","href":"https:\/\/api.w.org\/{rel}","templated":true}]}}