{"id":1594,"date":"2026-04-07T13:22:37","date_gmt":"2026-04-07T13:22:37","guid":{"rendered":"https:\/\/www.denkulturelleskolesekken.no\/nordland\/?p=1594"},"modified":"2026-04-07T13:37:16","modified_gmt":"2026-04-07T13:37:16","slug":"utlysning-kritikerklasser-til-uprisen","status":"publish","type":"post","link":"https:\/\/www.denkulturelleskolesekken.no\/nordland\/2026\/04\/07\/utlysning-kritikerklasser-til-uprisen\/","title":{"rendered":"Utlysning: Kritikerklasser til Uprisen"},"content":{"rendered":"\n<p><strong>Utlysing: Kritikerklasser til Uprisen<\/strong><\/p>\n\n\n\n<p><strong>Vil din ungdomsskoleklasse melde \u00e5rets norske ungdomsb\u00f8ker?<\/strong><\/p>\n\n\n\n<p>Vi s\u00f8ker l\u00e6rere og elever som \u00f8nsker \u00e5 si sin mening om ungdomslitteraturen. Sammen med 30 andre klasser kan din klasse vurdere \u00e5rets ungdomsb\u00f8ker p\u00e5 denboka.no. Anmeldelsene p\u00e5virker hvilke fem b\u00f8ker som g\u00e5r videre i kampen om \u00e5 bli \u00c5rets ungdomsbok.<\/p>\n\n\n\n<p><strong>Hva er Uprisen?<\/strong><\/p>\n\n\n\n<p>Sammen med Brageprisen og Kulturdepartementets barnebokpriser er Uprisen noe av det gjeveste en forfatter kan motta. I Uprisen \u2013 \u00e5rets ungdomsbok avgj\u00f8r ungdommene hvem som vinner.&nbsp;<\/p>\n\n\n\n<p>Prisarbeidet g\u00e5r gjennom hele skole\u00e5ret og er delt i fire. F\u00f8rst ut er 30 kritikerklasser som gjennom h\u00f8sten anmelder alle \u00e5rets ungdomsb\u00f8ker. I januar nominerer en ungdomsjury fem b\u00f8ker p\u00e5 bakgrunn av kritikerklassenes meninger. En av disse b\u00f8kene vil vinne tittelen \u00c5rets ungdomsbok. Juryklassene bestemmer hvilken.<\/p>\n\n\n\n<p>Juryklassene leser og vurderer fra februar til mai, og hver klasse diskuterer seg fram til en favoritt. Alle juryklasser velger to representanter som de sender til prisens fjerde ledd: Storjuryen. Storjuryen m\u00f8tes p\u00e5 Norsk Litteraturfestival i Lillehammer siste uka i mai og kommer fram til en felles vinner. Prisen deles ut dagen etter.<\/p>\n\n\n\n<p><strong>Kritikerklassene f\u00e5r:<\/strong><\/p>\n\n\n\n<ul class=\"wp-block-list\">\n<li>En sentral rolle i k\u00e5ringen av Norges viktigste litteraturpris<\/li>\n\n\n\n<li>Minst 15 ferske ungdomsb\u00f8ker til odel og eie<\/li>\n<\/ul>\n\n\n\n<p><strong>Skolen forplikter seg til \u00e5:<\/strong><strong><\/strong><\/p>\n\n\n\n<p>Gi l\u00e6reren en dag til oppstartseminar og forberedelser. Utgifter er dekket.<\/p>\n\n\n\n<p>Publisere minst en anmeldelse per bok.<\/p>\n\n\n\n<p><strong>Hvorfor s\u00f8ke:<\/strong><\/p>\n\n\n\n<ul class=\"wp-block-list\">\n<li>Uprisen gir ungdom innflytelse. Deres mening betyr mye for forfattere, forlag og p\u00e5virker nye bokprosjekter.<\/li>\n\n\n\n<li>Elevene leser hele b\u00f8ker. At deres mening teller, motiverer dybdelesing og mengdelesing.<\/li>\n\n\n\n<li>Uprisen gir muntlige ferdigheter. Elevene f\u00e5r trening i \u00e5 si sin mening og lytte til andres.<\/li>\n\n\n\n<li>Uprisen g\u00e5r over hele v\u00e5rsemesteret. Det er intenst, men samtidig et leseprosjekt med kontinuitet.\u00a0<\/li>\n\n\n\n<li>Opplegget i seg selv er enkelt, men har rammer som gir leselyst.<\/li>\n\n\n\n<li>Uprisen gir leseglede.<\/li>\n<\/ul>\n\n\n\n<p><strong>S\u00f8knaden m\u00e5 inneholde:<\/strong><\/p>\n\n\n\n<ul class=\"wp-block-list\">\n<li>Klassetrinn og skole<\/li>\n\n\n\n<li>Antall elever<\/li>\n\n\n\n<li>Hvorfor dere \u00f8nsker \u00e5 v\u00e6re juryklasse<\/li>\n\n\n\n<li>Hvordan dere jobber med litteratur<\/li>\n<\/ul>\n\n\n\n<p><strong>Send s\u00f8knad til:<\/strong><\/p>\n\n\n\n<p>Charlotte Wergeland, epost: <a href=\"mailto:chajen@nfk.no\">chajen@nfk.no<\/a>, tel: 92261707. &nbsp;<\/p>\n\n\n\n<p><strong>S\u00f8knadsfrist: 09.05.26<\/strong><\/p>\n\n\n\n<p>Uprisen \u2013 \u00e5rets ungdomsbok er et samarbeid mellom Stiftelsen LESE, Norsk Litteraturfestival og alle fylkene. Dere kan f\u00e5 vite mer p\u00e5 <a href=\"https:\/\/stiftelsenlese.no\/leselystprosjekt\/uprisen\/\">https:\/\/stiftelsenlese.no\/leselystprosjekt\/uprisen\/<\/a><\/p>\n\n\n\n<p><\/p>\n","protected":false},"excerpt":{"rendered":"<p>Utlysing: Kritikerklasser til Uprisen Vil din ungdomsskoleklasse melde \u00e5rets norske ungdomsb\u00f8ker? Vi s\u00f8ker l\u00e6rere og elever som \u00f8nsker \u00e5 si sin mening om ungdomslitteraturen. Sammen med 30 andre klasser kan din klasse vurdere \u00e5rets ungdomsb\u00f8ker p\u00e5 denboka.no. Anmeldelsene p\u00e5virker hvilke fem b\u00f8ker som g\u00e5r videre i kampen om \u00e5 bli \u00c5rets ungdomsbok. Hva er Uprisen? [&hellip;]<\/p>\n","protected":false},"author":17,"featured_media":1597,"comment_status":"closed","ping_status":"open","sticky":false,"template":"","format":"standard","meta":{"footnotes":""},"categories":[2],"tags":[22,38,37],"class_list":["post-1594","post","type-post","status-publish","format-standard","has-post-thumbnail","hentry","category-aktuelt","tag-dks-nordland","tag-foreningenles","tag-uprisen"],"_links":{"self":[{"href":"https:\/\/www.denkulturelleskolesekken.no\/nordland\/wp-json\/wp\/v2\/posts\/1594","targetHints":{"allow":["GET"]}}],"collection":[{"href":"https:\/\/www.denkulturelleskolesekken.no\/nordland\/wp-json\/wp\/v2\/posts"}],"about":[{"href":"https:\/\/www.denkulturelleskolesekken.no\/nordland\/wp-json\/wp\/v2\/types\/post"}],"author":[{"embeddable":true,"href":"https:\/\/www.denkulturelleskolesekken.no\/nordland\/wp-json\/wp\/v2\/users\/17"}],"replies":[{"embeddable":true,"href":"https:\/\/www.denkulturelleskolesekken.no\/nordland\/wp-json\/wp\/v2\/comments?post=1594"}],"version-history":[{"count":4,"href":"https:\/\/www.denkulturelleskolesekken.no\/nordland\/wp-json\/wp\/v2\/posts\/1594\/revisions"}],"predecessor-version":[{"id":2387,"href":"https:\/\/www.denkulturelleskolesekken.no\/nordland\/wp-json\/wp\/v2\/posts\/1594\/revisions\/2387"}],"wp:featuredmedia":[{"embeddable":true,"href":"https:\/\/www.denkulturelleskolesekken.no\/nordland\/wp-json\/wp\/v2\/media\/1597"}],"wp:attachment":[{"href":"https:\/\/www.denkulturelleskolesekken.no\/nordland\/wp-json\/wp\/v2\/media?parent=1594"}],"wp:term":[{"taxonomy":"category","embeddable":true,"href":"https:\/\/www.denkulturelleskolesekken.no\/nordland\/wp-json\/wp\/v2\/categories?post=1594"},{"taxonomy":"post_tag","embeddable":true,"href":"https:\/\/www.denkulturelleskolesekken.no\/nordland\/wp-json\/wp\/v2\/tags?post=1594"}],"curies":[{"name":"wp","href":"https:\/\/api.w.org\/{rel}","templated":true}]}}