{"id":1282,"date":"2020-08-14T11:00:00","date_gmt":"2020-08-14T11:00:00","guid":{"rendered":"https:\/\/www.denkulturelleskolesekken.no\/nordland\/?p=1282"},"modified":"2025-09-05T12:50:05","modified_gmt":"2025-09-05T12:50:05","slug":"digitalt-kulturarrangorkurs","status":"publish","type":"post","link":"https:\/\/www.denkulturelleskolesekken.no\/nordland\/2020\/08\/14\/digitalt-kulturarrangorkurs\/","title":{"rendered":"Digital kulturarrang\u00f8rkurs"},"content":{"rendered":"<div id=\"pl-gb1282-69f50bc9ce698\"  class=\"panel-layout\" ><div id=\"pg-gb1282-69f50bc9ce698-0\"  class=\"panel-grid panel-no-style\" ><div id=\"pgc-gb1282-69f50bc9ce698-0-0\"  class=\"panel-grid-cell\" ><div id=\"panel-gb1282-69f50bc9ce698-0-0-0\" class=\"so-panel widget widget_sow-editor panel-first-child panel-last-child\" data-index=\"0\" ><div\n\t\t\t\n\t\t\tclass=\"so-widget-sow-editor so-widget-sow-editor-base\"\n\t\t\t\n\t\t>\n<div class=\"siteorigin-widget-tinymce textwidget\">\n\t<p>Vi reiser rundt i fylket hver h\u00f8st og holder kulturarrang\u00f8rkurs p\u00e5 utvalgte steder. Den kulturelle skolesekken har i tillegg en digital ressurs som skolene kan bruke etter behov. Kurset best\u00e5r av flere filmer med tilh\u00f8rende verkt\u00f8yark, og er utviklet og produsert av DKS Tr\u00f8ndelag. <a href=\"https:\/\/www.kulturtanken.no\/ressurs\/kurs-for-elevarrangorer\/\">Klikk her for \u00e5 navigere til kurssidene.<\/a> Vi h\u00e5per at filmene og oppgavene kan v\u00e6re:<\/p>\n<ul>\n<li>Et godt supplement til kursene vi arrangerer hvert \u00e5r<\/li>\n<li>Et bidrag til at elevene forst\u00e5r hva en kulturarrang\u00f8r er<\/li>\n<li>En styrking av elevene n\u00e5r de skal v\u00e6re vertskap for DKS-turn\u00e9ene som kommer til skolene<\/li>\n<\/ul>\n<p>Lykke til med DKS-arrangementet!<\/p>\n<h2><strong>Video:<\/strong><\/h2>\n<p><iframe loading=\"lazy\" title=\"HOW TO 1: Forberedelser\" src=\"https:\/\/player.vimeo.com\/video\/702338231?dnt=1&amp;app_id=122963\" width=\"500\" height=\"281\" frameborder=\"0\" allow=\"autoplay; fullscreen; picture-in-picture; clipboard-write; encrypted-media; web-share\" referrerpolicy=\"strict-origin-when-cross-origin\"><\/iframe><\/p>\n<p><iframe loading=\"lazy\" title=\"HOW TO 3: Vertskap\" src=\"https:\/\/player.vimeo.com\/video\/702338658?dnt=1&amp;app_id=122963\" width=\"500\" height=\"281\" frameborder=\"0\" allow=\"autoplay; fullscreen; picture-in-picture; clipboard-write; encrypted-media; web-share\" referrerpolicy=\"strict-origin-when-cross-origin\"><\/iframe><\/p>\n<p><iframe loading=\"lazy\" title=\"HOW TO 4: Publikumsh\u00e5ndtering\" src=\"https:\/\/player.vimeo.com\/video\/702338869?dnt=1&amp;app_id=122963\" width=\"500\" height=\"281\" frameborder=\"0\" allow=\"autoplay; fullscreen; picture-in-picture; clipboard-write; encrypted-media; web-share\" referrerpolicy=\"strict-origin-when-cross-origin\"><\/iframe><\/p>\n<p><iframe loading=\"lazy\" title=\"HOW TO 5: Begreper\" src=\"https:\/\/player.vimeo.com\/video\/702339095?dnt=1&amp;app_id=122963\" width=\"500\" height=\"281\" frameborder=\"0\" allow=\"autoplay; fullscreen; picture-in-picture; clipboard-write; encrypted-media; web-share\" referrerpolicy=\"strict-origin-when-cross-origin\"><\/iframe><\/p>\n<h2><strong>Verkt\u00f8yark:<\/strong><\/h2>\n<p><iframe title=\"Verkt\u00f8yark: HOW TO bli en god elevarrang\u00f8r\" src=\"https:\/\/e.issuu.com\/embed.html?u=kulturtankendks&#038;d=how_to_verkt_yark_bokm_l\" style=\"border:none; width: 500px; height: 383px;\" allow=\"clipboard-write,allow-top-navigation,allow-top-navigation-by-user-activation,allow-downloads,allow-scripts,allow-same-origin,allow-popups,allow-modals,allow-popups-to-escape-sandbox,allow-forms\"  allowfullscreen=\"true\"><\/iframe><\/p>\n<p><a href=\"https:\/\/media.wpd.digital\/kulturtanken\/uploads\/2022\/04\/HOW-TO-bli-en-god-elevarrangor-verktoyark-bokmal.pdf\">Last ned verkt\u00f8yark p\u00e5 bokm\u00e5l (PDF)<\/a><\/p>\n<p><a href=\"https:\/\/media.wpd.digital\/kulturtanken\/uploads\/2022\/04\/HOW-TO-bli-ein-god-elevarrangor-verktoyark-nynorsk.pdf\">Last ned verkt\u00f8yark p\u00e5 nynorsk (PDF)<\/a><\/p>\n<h2>T-skjorter, sertifisering og diplom<\/h2>\n<p>Har dine kulturarrang\u00f8rer v\u00e6rt p\u00e5 fysisk eller digitalt kurs? Send oss en e-post med antall, s\u00e5 sender vi dere t-skjorter og sertifisering i posten s\u00e5 fort vi kan. Hvis du trenger diplom til kursdeltakerne, kan du <a href=\"https:\/\/cdn.denkulturelleskolesekken.no\/nordland\/548a5977-sertifisert-kulturarrangor_final.pdf\">klikke her for \u00e5 laste ned mal fra DKS Nordland<\/a>.<\/p>\n<\/div>\n<\/div><\/div><\/div><\/div><\/div>\n\n\n<p><\/p>\n","protected":false},"excerpt":{"rendered":"<p>Vi reiser rundt i fylket hver h\u00f8st og holder kulturarrang\u00f8rkurs p\u00e5 utvalgte steder. Den kulturelle skolesekken har i tillegg en digital ressurs som skolene kan bruke etter behov. Kurset best\u00e5r av flere filmer med tilh\u00f8rende verkt\u00f8yark, og er utviklet og produsert av DKS Tr\u00f8ndelag. Klikk her for \u00e5 navigere til kurssidene. Vi h\u00e5per at filmene [&hellip;]<\/p>\n","protected":false},"author":9,"featured_media":2220,"comment_status":"closed","ping_status":"closed","sticky":false,"template":"","format":"standard","meta":{"footnotes":""},"categories":[2],"tags":[26,22,28,27,29,30,31],"class_list":["post-1282","post","type-post","status-publish","format-standard","has-post-thumbnail","hentry","category-aktuelt","tag-digitalt","tag-dks-nordland","tag-elevarrangorer","tag-kulturarrangorkurs","tag-kulturtanken","tag-kunst-og-kultursenteret","tag-nasjonalt-senter-for-kunst-og-kultur-i-opplaeringen"],"_links":{"self":[{"href":"https:\/\/www.denkulturelleskolesekken.no\/nordland\/wp-json\/wp\/v2\/posts\/1282","targetHints":{"allow":["GET"]}}],"collection":[{"href":"https:\/\/www.denkulturelleskolesekken.no\/nordland\/wp-json\/wp\/v2\/posts"}],"about":[{"href":"https:\/\/www.denkulturelleskolesekken.no\/nordland\/wp-json\/wp\/v2\/types\/post"}],"author":[{"embeddable":true,"href":"https:\/\/www.denkulturelleskolesekken.no\/nordland\/wp-json\/wp\/v2\/users\/9"}],"replies":[{"embeddable":true,"href":"https:\/\/www.denkulturelleskolesekken.no\/nordland\/wp-json\/wp\/v2\/comments?post=1282"}],"version-history":[{"count":18,"href":"https:\/\/www.denkulturelleskolesekken.no\/nordland\/wp-json\/wp\/v2\/posts\/1282\/revisions"}],"predecessor-version":[{"id":2260,"href":"https:\/\/www.denkulturelleskolesekken.no\/nordland\/wp-json\/wp\/v2\/posts\/1282\/revisions\/2260"}],"wp:featuredmedia":[{"embeddable":true,"href":"https:\/\/www.denkulturelleskolesekken.no\/nordland\/wp-json\/wp\/v2\/media\/2220"}],"wp:attachment":[{"href":"https:\/\/www.denkulturelleskolesekken.no\/nordland\/wp-json\/wp\/v2\/media?parent=1282"}],"wp:term":[{"taxonomy":"category","embeddable":true,"href":"https:\/\/www.denkulturelleskolesekken.no\/nordland\/wp-json\/wp\/v2\/categories?post=1282"},{"taxonomy":"post_tag","embeddable":true,"href":"https:\/\/www.denkulturelleskolesekken.no\/nordland\/wp-json\/wp\/v2\/tags?post=1282"}],"curies":[{"name":"wp","href":"https:\/\/api.w.org\/{rel}","templated":true}]}}