{"id":909,"date":"2020-06-15T10:26:00","date_gmt":"2020-06-15T10:26:00","guid":{"rendered":"https:\/\/wordpress.kulturtanken.app\/lorenskog\/?p=909"},"modified":"2023-06-12T07:14:51","modified_gmt":"2023-06-12T07:14:51","slug":"program-for-2020-2021","status":"publish","type":"post","link":"https:\/\/www.denkulturelleskolesekken.no\/lorenskog\/2020\/06\/15\/program-for-2020-2021\/","title":{"rendered":"Program for 2020\u20132021"},"content":{"rendered":"\n<p>DKS-programmet for <a href=\"https:\/\/www.denkulturelleskolesekken.no\/lorenskog\/utforsk-produksjoner-i-dks\/\">h\u00f8sten 2020 og v\u00e5ren 2021<\/a> er n\u00e5 klart! Her er mange nye og flotte produksjoner, men vi har ogs\u00e5 med noen gamle favoritter. DKS L\u00f8renskog fikk inn mer enn 900 programforslag til dette skole\u00e5ret.<\/p>\n\n\n\n<p>Koronaepidemien gjorde at alle produksjonene fra midten av mars til juni 2020 m\u00e5tte avlyses. Noen av disse ble utsatt til skole\u00e5ret 2020\u20132021. <\/p>\n\n\n\n<p>Koronasituasjonen har gjort det utfordrende \u00e5 planlegge h\u00f8sten 2020, men vi har fors\u00f8kt \u00e5 legge programmet slik at vi skal slippe \u00e5 avlyse flere produksjoner. Det kan imidlertid v\u00e6re at vi m\u00e5 foreta justeringer underveis i form av utsettelser, reduksjon av antall elever eller str\u00f8mmealternativer. DKS L\u00f8renskog vil f\u00f8lge de til enhver tid gjeldende smittevernregler.<\/p>\n\n\n\n<h2 class=\"wp-block-heading\">Programfilmer<\/h2>\n\n\n\n<figure class=\"wp-block-embed is-type-video is-provider-vimeo wp-block-embed-vimeo wp-embed-aspect-16-9 wp-has-aspect-ratio\"><div class=\"wp-block-embed__wrapper\">\n<iframe loading=\"lazy\" src=\"https:\/\/player.vimeo.com\/video\/446815620?dnt=1&amp;app_id=122963\" width=\"500\" height=\"281\" frameborder=\"0\" allow=\"autoplay; fullscreen; picture-in-picture; clipboard-write\"><\/iframe>\n<\/div><\/figure>\n\n\n\n<figure class=\"wp-block-embed is-type-video is-provider-vimeo wp-block-embed-vimeo wp-embed-aspect-16-9 wp-has-aspect-ratio\"><div class=\"wp-block-embed__wrapper\">\n<iframe loading=\"lazy\" src=\"https:\/\/player.vimeo.com\/video\/446811455?dnt=1&amp;app_id=122963\" width=\"500\" height=\"281\" frameborder=\"0\" allow=\"autoplay; fullscreen; picture-in-picture; clipboard-write\"><\/iframe>\n<\/div><\/figure>\n\n\n\n<p><\/p>\n\n\n\n<p><\/p>\n","protected":false},"excerpt":{"rendered":"<p>DKS-programmet for h\u00f8sten 2020 og v\u00e5ren 2021 er n\u00e5 klart! Her er mange nye og flotte produksjoner, men vi har ogs\u00e5 med noen gamle favoritter. DKS L\u00f8renskog fikk inn mer enn 900 programforslag til dette skole\u00e5ret. Koronaepidemien gjorde at alle produksjonene fra midten av mars til juni 2020 m\u00e5tte avlyses. Noen av disse ble utsatt [&hellip;]<\/p>\n","protected":false},"author":7,"featured_media":1031,"comment_status":"closed","ping_status":"open","sticky":false,"template":"","format":"standard","meta":{"footnotes":""},"categories":[2],"tags":[],"class_list":["post-909","post","type-post","status-publish","format-standard","has-post-thumbnail","hentry","category-aktuelt"],"_links":{"self":[{"href":"https:\/\/www.denkulturelleskolesekken.no\/lorenskog\/wp-json\/wp\/v2\/posts\/909","targetHints":{"allow":["GET"]}}],"collection":[{"href":"https:\/\/www.denkulturelleskolesekken.no\/lorenskog\/wp-json\/wp\/v2\/posts"}],"about":[{"href":"https:\/\/www.denkulturelleskolesekken.no\/lorenskog\/wp-json\/wp\/v2\/types\/post"}],"author":[{"embeddable":true,"href":"https:\/\/www.denkulturelleskolesekken.no\/lorenskog\/wp-json\/wp\/v2\/users\/7"}],"replies":[{"embeddable":true,"href":"https:\/\/www.denkulturelleskolesekken.no\/lorenskog\/wp-json\/wp\/v2\/comments?post=909"}],"version-history":[{"count":12,"href":"https:\/\/www.denkulturelleskolesekken.no\/lorenskog\/wp-json\/wp\/v2\/posts\/909\/revisions"}],"predecessor-version":[{"id":1723,"href":"https:\/\/www.denkulturelleskolesekken.no\/lorenskog\/wp-json\/wp\/v2\/posts\/909\/revisions\/1723"}],"wp:featuredmedia":[{"embeddable":true,"href":"https:\/\/www.denkulturelleskolesekken.no\/lorenskog\/wp-json\/wp\/v2\/media\/1031"}],"wp:attachment":[{"href":"https:\/\/www.denkulturelleskolesekken.no\/lorenskog\/wp-json\/wp\/v2\/media?parent=909"}],"wp:term":[{"taxonomy":"category","embeddable":true,"href":"https:\/\/www.denkulturelleskolesekken.no\/lorenskog\/wp-json\/wp\/v2\/categories?post=909"},{"taxonomy":"post_tag","embeddable":true,"href":"https:\/\/www.denkulturelleskolesekken.no\/lorenskog\/wp-json\/wp\/v2\/tags?post=909"}],"curies":[{"name":"wp","href":"https:\/\/api.w.org\/{rel}","templated":true}]}}