{"id":898,"date":"2020-06-01T11:14:00","date_gmt":"2020-06-01T11:14:00","guid":{"rendered":"https:\/\/wordpress.kulturtanken.app\/lorenskog\/?p=898"},"modified":"2021-05-12T15:19:01","modified_gmt":"2021-05-12T15:19:01","slug":"nye-nettsider","status":"publish","type":"post","link":"https:\/\/www.denkulturelleskolesekken.no\/lorenskog\/2020\/06\/01\/nye-nettsider\/","title":{"rendered":"Nye nettsider"},"content":{"rendered":"\n<p>Den kulturelle skolesekken i L\u00f8renskog har f\u00e5tt nye nettsider!<\/p>\n\n\n\n<p>Foruten programmet vil du her kunne finne informasjon rettet mot deg \u2013 enten du er kulturkontakt, l\u00e6rer, kulturvert eller ut\u00f8ver. <\/p>\n\n\n\n<p>Her finner du ogs\u00e5 informasjon om Den kulturelle skolesekken generelt og i L\u00f8renskog spesielt. Vi har ogs\u00e5 laget en side om hvordan DKS kan brukes i skolen. <\/p>\n\n\n\n<p>P\u00e5 forsiden vil du finne nyheter om DKS i L\u00f8renskog.<\/p>\n\n\n\n<p><\/p>\n","protected":false},"excerpt":{"rendered":"<p>Den kulturelle skolesekken i L\u00f8renskog har f\u00e5tt nye nettsider! Foruten programmet vil du her kunne finne informasjon rettet mot deg \u2013 enten du er kulturkontakt, l\u00e6rer, kulturvert eller ut\u00f8ver. Her finner du ogs\u00e5 informasjon om Den kulturelle skolesekken generelt og i L\u00f8renskog spesielt. Vi har ogs\u00e5 laget en side om hvordan DKS kan brukes i [&hellip;]<\/p>\n","protected":false},"author":7,"featured_media":1181,"comment_status":"closed","ping_status":"closed","sticky":false,"template":"custom-template-without-text-on-image-page.php","format":"standard","meta":{"footnotes":""},"categories":[2],"tags":[],"class_list":["post-898","post","type-post","status-publish","format-standard","has-post-thumbnail","hentry","category-aktuelt"],"_links":{"self":[{"href":"https:\/\/www.denkulturelleskolesekken.no\/lorenskog\/wp-json\/wp\/v2\/posts\/898","targetHints":{"allow":["GET"]}}],"collection":[{"href":"https:\/\/www.denkulturelleskolesekken.no\/lorenskog\/wp-json\/wp\/v2\/posts"}],"about":[{"href":"https:\/\/www.denkulturelleskolesekken.no\/lorenskog\/wp-json\/wp\/v2\/types\/post"}],"author":[{"embeddable":true,"href":"https:\/\/www.denkulturelleskolesekken.no\/lorenskog\/wp-json\/wp\/v2\/users\/7"}],"replies":[{"embeddable":true,"href":"https:\/\/www.denkulturelleskolesekken.no\/lorenskog\/wp-json\/wp\/v2\/comments?post=898"}],"version-history":[{"count":8,"href":"https:\/\/www.denkulturelleskolesekken.no\/lorenskog\/wp-json\/wp\/v2\/posts\/898\/revisions"}],"predecessor-version":[{"id":1072,"href":"https:\/\/www.denkulturelleskolesekken.no\/lorenskog\/wp-json\/wp\/v2\/posts\/898\/revisions\/1072"}],"wp:featuredmedia":[{"embeddable":true,"href":"https:\/\/www.denkulturelleskolesekken.no\/lorenskog\/wp-json\/wp\/v2\/media\/1181"}],"wp:attachment":[{"href":"https:\/\/www.denkulturelleskolesekken.no\/lorenskog\/wp-json\/wp\/v2\/media?parent=898"}],"wp:term":[{"taxonomy":"category","embeddable":true,"href":"https:\/\/www.denkulturelleskolesekken.no\/lorenskog\/wp-json\/wp\/v2\/categories?post=898"},{"taxonomy":"post_tag","embeddable":true,"href":"https:\/\/www.denkulturelleskolesekken.no\/lorenskog\/wp-json\/wp\/v2\/tags?post=898"}],"curies":[{"name":"wp","href":"https:\/\/api.w.org\/{rel}","templated":true}]}}