{"id":2351,"date":"2026-02-24T08:42:50","date_gmt":"2026-02-24T08:42:50","guid":{"rendered":"https:\/\/www.denkulturelleskolesekken.no\/lorenskog\/?p=2351"},"modified":"2026-02-24T15:16:24","modified_gmt":"2026-02-24T15:16:24","slug":"utlysning-dks-lab-2026","status":"publish","type":"post","link":"https:\/\/www.denkulturelleskolesekken.no\/lorenskog\/2026\/02\/24\/utlysning-dks-lab-2026\/","title":{"rendered":"Utlysning: DKS-LAB 2026"},"content":{"rendered":"\n<p>DKS-LAB for visuell kunst skal legge til rette for \u00e5 gi kunstnere, kunsth\u00e5ndverkere, designere og arkitekter bedre forutsetninger for \u00e5 utvikle innhold til DKS-ordningen. DKS-LAB for visuell kunst 2026 arrangeres p\u00e5 11 steder i landet, med ulikt format og st\u00f8rrelse.<\/p>\n\n\n\n<p>S\u00f8knadsfrist er <strong>16. mars 2026<\/strong>.<\/p>\n\n\n\n<h2 class=\"wp-block-heading\">Tegnelab<\/h2>\n\n\n\n<p>I \u00e5r arrangerer B\u00e6rum Kunsthall en nasjonal tegnelab p\u00e5 Fornebu, i samarbeid med Kulturtanken, L\u00f8renskog kommune og B\u00e6rum kommune. Vi \u00f8nsker s\u00f8knader fra kunstnere som arbeider med tegning gjennom ulike materialer, metoder og utrykk. Som deltagende kunstner i DKS-LAB vil du f\u00e5 veiledning til \u00e5 videreutvikle eget prosjekt som skal presenteres under to testdager og tre skolesamlinger. Hvert prosjekt honoreres med 25 000 kr per deltagende kunstner. Se hele <a href=\"https:\/\/baerumkunsthall.no\/DKS-LAB\">utlysningen p\u00e5 B\u00e6rum Kunsthalls nettsider<\/a>.<\/p>\n\n\n\n<h2 class=\"wp-block-heading\">Mer om DKS-LAB<\/h2>\n\n\n\n<p>For mer informasjon om DKS-LAB generelt, og om de andre DKS-labbene, se <a href=\"https:\/\/www.kulturtanken.no\/dks-lab\/\">Kulturtankens nettsider om emnet<\/a>.<\/p>\n\n\n\n<p>Kulturtanken inviterer ogs\u00e5 til et \u00e5pent digitalt m\u00f8te for s\u00f8kere fredag 27. februar kl. 12.30. Lenke finner du p\u00e5 <a href=\"https:\/\/www.kulturtanken.no\/dks-lab\/\">Kulturtankens nettsider<\/a>.<\/p>\n\n\n\n<div style=\"height:50px\" aria-hidden=\"true\" class=\"wp-block-spacer\"><\/div>\n\n\n\n<p><\/p>\n","protected":false},"excerpt":{"rendered":"<p>DKS-LAB for visuell kunst skal legge til rette for \u00e5 gi kunstnere, kunsth\u00e5ndverkere, designere og arkitekter bedre forutsetninger for \u00e5 utvikle innhold til DKS-ordningen. DKS-LAB for visuell kunst 2026 arrangeres p\u00e5 11 steder i landet, med ulikt format og st\u00f8rrelse. S\u00f8knadsfrist er 16. mars 2026. Tegnelab I \u00e5r arrangerer B\u00e6rum Kunsthall en nasjonal tegnelab p\u00e5 [&hellip;]<\/p>\n","protected":false},"author":7,"featured_media":2355,"comment_status":"closed","ping_status":"closed","sticky":false,"template":"","format":"standard","meta":{"footnotes":""},"categories":[2],"tags":[],"class_list":["post-2351","post","type-post","status-publish","format-standard","has-post-thumbnail","hentry","category-aktuelt"],"_links":{"self":[{"href":"https:\/\/www.denkulturelleskolesekken.no\/lorenskog\/wp-json\/wp\/v2\/posts\/2351","targetHints":{"allow":["GET"]}}],"collection":[{"href":"https:\/\/www.denkulturelleskolesekken.no\/lorenskog\/wp-json\/wp\/v2\/posts"}],"about":[{"href":"https:\/\/www.denkulturelleskolesekken.no\/lorenskog\/wp-json\/wp\/v2\/types\/post"}],"author":[{"embeddable":true,"href":"https:\/\/www.denkulturelleskolesekken.no\/lorenskog\/wp-json\/wp\/v2\/users\/7"}],"replies":[{"embeddable":true,"href":"https:\/\/www.denkulturelleskolesekken.no\/lorenskog\/wp-json\/wp\/v2\/comments?post=2351"}],"version-history":[{"count":2,"href":"https:\/\/www.denkulturelleskolesekken.no\/lorenskog\/wp-json\/wp\/v2\/posts\/2351\/revisions"}],"predecessor-version":[{"id":2354,"href":"https:\/\/www.denkulturelleskolesekken.no\/lorenskog\/wp-json\/wp\/v2\/posts\/2351\/revisions\/2354"}],"wp:featuredmedia":[{"embeddable":true,"href":"https:\/\/www.denkulturelleskolesekken.no\/lorenskog\/wp-json\/wp\/v2\/media\/2355"}],"wp:attachment":[{"href":"https:\/\/www.denkulturelleskolesekken.no\/lorenskog\/wp-json\/wp\/v2\/media?parent=2351"}],"wp:term":[{"taxonomy":"category","embeddable":true,"href":"https:\/\/www.denkulturelleskolesekken.no\/lorenskog\/wp-json\/wp\/v2\/categories?post=2351"},{"taxonomy":"post_tag","embeddable":true,"href":"https:\/\/www.denkulturelleskolesekken.no\/lorenskog\/wp-json\/wp\/v2\/tags?post=2351"}],"curies":[{"name":"wp","href":"https:\/\/api.w.org\/{rel}","templated":true}]}}