{"id":2312,"date":"2025-07-09T12:39:56","date_gmt":"2025-07-09T12:39:56","guid":{"rendered":"https:\/\/www.denkulturelleskolesekken.no\/lorenskog\/?p=2312"},"modified":"2025-07-09T12:40:28","modified_gmt":"2025-07-09T12:40:28","slug":"vil-du-bidra-i-dks-skolearet-2026-27","status":"publish","type":"post","link":"https:\/\/www.denkulturelleskolesekken.no\/lorenskog\/2025\/07\/09\/vil-du-bidra-i-dks-skolearet-2026-27\/","title":{"rendered":"Vil du bidra i DKS skole\u00e5ret 2026\u20132027?"},"content":{"rendered":"\n<p><strong>1. september \u00e5pner\u00a0<a href=\"https:\/\/www.denkulturelleskolesekken.no\/forside\/om-dks\/utover\/\">DKS-portal<\/a><a href=\"https:\/\/portal.denkulturelleskolesekken.no\/\">en<\/a>\u00a0for innsendelse og reaktivering av forslag til skole\u00e5ret 2026\/27. Innmeldingsfrist er 1. oktober 2025 kl. 23.59.<\/strong><\/p>\n\n\n\n<p><strong>Det er kun produksjoner for grunnskolen (1.\u201310. trinn) som er av interesse for DKS L\u00f8renskog.<\/strong><br>Produksjoner for videreg\u00e5ende skoler m\u00e5 sendes Akershus fylkeskommune fordi videreg\u00e5ende skoler er fylkeskommunale.\u00a0<a href=\"https:\/\/www.denkulturelleskolesekken.no\/akershus\/\" target=\"_blank\" rel=\"noreferrer noopener\">Se nettsidene til DKS Akershus<\/a>.<\/p>\n\n\n\n<p>Den kulturelle skolesekken (DKS) bidrar til at alle skoleelever i Norge, uansett hvor de bor, hvilken skole de g\u00e5r p\u00e5 eller hvilken bakgrunn de har, m\u00f8ter profesjonell kunst og kultur. Flere tusen ut\u00f8vere bidrar i DKS-ordningen, som er landets st\u00f8rste formidlingsarena for kunstnere og kulturformidlere. Det er et m\u00e5l at ut\u00f8verne, produksjonene og apparatet elevene m\u00f8ter speiler v\u00e5rt samfunn, synliggj\u00f8r forbilder og bidrar til et inkluderende og mangfoldig fellesskap.<\/p>\n\n\n\n<p>Meld inn ditt programforslag \u2013 og du kan bli en av dem som bidrar i verdens beste ordning for kunst- og kulturformidling til barn og unge!<\/p>\n\n\n\n<h2 class=\"wp-block-heading\">Nyttige lenker og viktig informasjon<\/h2>\n\n\n\n<ul class=\"wp-block-list\">\n<li><a href=\"https:\/\/www.denkulturelleskolesekken.no\/lorenskog\/vil-du-turnere-i-lorenskog\/\">Viktig informasjon om s\u00f8knader til DKS L\u00f8renskog og s\u00f8knadsprosessen<\/a><\/li>\n\n\n\n<li>Meld inn forslag:<strong>\u00a0<\/strong><a href=\"https:\/\/portal.denkulturelleskolesekken.no\/\">Logg inn i DKS-portalen<\/a><\/li>\n\n\n\n<li>Tips:\u00a0<a href=\"https:\/\/www.denkulturelleskolesekken.no\/ofte-stilte-sporsmal\/\">Ofte stilte sp\u00f8rsm\u00e5l<\/a><\/li>\n<\/ul>\n\n\n\n<h2 class=\"wp-block-heading\">Husk innmeldingsfristen<\/h2>\n\n\n\n<p>Profesjonelle ut\u00f8vere, produsenter og formidlere av kunst og kultur kan melde inn forslag til Den kulturelle skolesekken via&nbsp;<a href=\"https:\/\/portal.denkulturelleskolesekken.no\/\">DKS-portalen<\/a>. Et programforslag kan v\u00e6re en ny id\u00e9 eller en ferdig produsert produksjon som allerede er vist i DKS eller et annet sted.<\/p>\n\n\n\n<p>Representerer du en kunst- eller kulturinstitusjon kan du registrere institusjonen og sende inn forslag p\u00e5 vegne av denne. Du finner mer informasjon og skjema p\u00e5 siden&nbsp;<a href=\"https:\/\/www.denkulturelleskolesekken.no\/forside\/om-dks\/utover\/\">DKS for ut\u00f8vere<\/a>.<\/p>\n\n\n\n<p><strong>Innmeldingsfrist for p\u00e5f\u00f8lgende skole\u00e5r er 1. oktober kl 23.59. Fristen gjelder b\u00e5de nye programforslag og reaktivering av tidligere innsendte forslag<\/strong>.<\/p>\n\n\n\n<h2 class=\"wp-block-heading\">Endringer i forslagsskjema<\/h2>\n\n\n\n<p>Vi gj\u00f8r oppmerksom p\u00e5 at det i \u00e5r, som i fjor, vil v\u00e6re enkelte endringer i forslagsskjemaet, og henstiller derfor alle forslagsstillere til \u00e5 lese n\u00f8ye gjennom f\u00f8r forslaget sendes inn.<\/p>\n\n\n\n<p>N\u00e5r du velger kunst- og kulturuttrykk, s\u00e5 er det \u00abhoveduttrykket\u00bb som skal st\u00e5 \u00f8verst.<\/p>\n\n\n\n<h2 class=\"wp-block-heading\">Problemer? Her f\u00e5r du hjelp!<\/h2>\n\n\n\n<p><strong>E-post:\u00a0<\/strong><a href=\"mailto:support@denkulturelleskolesekken.no\">support@denkulturelleskolesekken.no<\/a><br><strong>Telefon:\u00a0<\/strong>(+47) 479 74\u00a0744<\/p>\n","protected":false},"excerpt":{"rendered":"<p>1. september \u00e5pner\u00a0DKS-portalen\u00a0for innsendelse og reaktivering av forslag til skole\u00e5ret 2026\/27. Innmeldingsfrist er 1. oktober 2025 kl. 23.59. Det er kun produksjoner for grunnskolen (1.\u201310. trinn) som er av interesse for DKS L\u00f8renskog.Produksjoner for videreg\u00e5ende skoler m\u00e5 sendes Akershus fylkeskommune fordi videreg\u00e5ende skoler er fylkeskommunale.\u00a0Se nettsidene til DKS Akershus. Den kulturelle skolesekken (DKS) bidrar til [&hellip;]<\/p>\n","protected":false},"author":7,"featured_media":2313,"comment_status":"closed","ping_status":"open","sticky":false,"template":"","format":"standard","meta":{"footnotes":""},"categories":[2],"tags":[],"class_list":["post-2312","post","type-post","status-publish","format-standard","has-post-thumbnail","hentry","category-aktuelt"],"_links":{"self":[{"href":"https:\/\/www.denkulturelleskolesekken.no\/lorenskog\/wp-json\/wp\/v2\/posts\/2312","targetHints":{"allow":["GET"]}}],"collection":[{"href":"https:\/\/www.denkulturelleskolesekken.no\/lorenskog\/wp-json\/wp\/v2\/posts"}],"about":[{"href":"https:\/\/www.denkulturelleskolesekken.no\/lorenskog\/wp-json\/wp\/v2\/types\/post"}],"author":[{"embeddable":true,"href":"https:\/\/www.denkulturelleskolesekken.no\/lorenskog\/wp-json\/wp\/v2\/users\/7"}],"replies":[{"embeddable":true,"href":"https:\/\/www.denkulturelleskolesekken.no\/lorenskog\/wp-json\/wp\/v2\/comments?post=2312"}],"version-history":[{"count":2,"href":"https:\/\/www.denkulturelleskolesekken.no\/lorenskog\/wp-json\/wp\/v2\/posts\/2312\/revisions"}],"predecessor-version":[{"id":2315,"href":"https:\/\/www.denkulturelleskolesekken.no\/lorenskog\/wp-json\/wp\/v2\/posts\/2312\/revisions\/2315"}],"wp:featuredmedia":[{"embeddable":true,"href":"https:\/\/www.denkulturelleskolesekken.no\/lorenskog\/wp-json\/wp\/v2\/media\/2313"}],"wp:attachment":[{"href":"https:\/\/www.denkulturelleskolesekken.no\/lorenskog\/wp-json\/wp\/v2\/media?parent=2312"}],"wp:term":[{"taxonomy":"category","embeddable":true,"href":"https:\/\/www.denkulturelleskolesekken.no\/lorenskog\/wp-json\/wp\/v2\/categories?post=2312"},{"taxonomy":"post_tag","embeddable":true,"href":"https:\/\/www.denkulturelleskolesekken.no\/lorenskog\/wp-json\/wp\/v2\/tags?post=2312"}],"curies":[{"name":"wp","href":"https:\/\/api.w.org\/{rel}","templated":true}]}}