{"id":2075,"date":"2025-02-19T12:50:01","date_gmt":"2025-02-19T12:50:01","guid":{"rendered":"https:\/\/www.denkulturelleskolesekken.no\/lorenskog\/?p=2075"},"modified":"2025-02-20T08:29:16","modified_gmt":"2025-02-20T08:29:16","slug":"utlysning-dks-lab-2025","status":"publish","type":"post","link":"https:\/\/www.denkulturelleskolesekken.no\/lorenskog\/2025\/02\/19\/utlysning-dks-lab-2025\/","title":{"rendered":"Utlysning: DKS-LAB 2025"},"content":{"rendered":"\n<p>Har du id\u00e9er til formidlingsprosjekter om arkitektur og design for barn og unge? Har du lyst til \u00e5 reise rundt p\u00e5 skoler og formidle til elever? \u00d8nsker du mulighet til \u00e5 videreutvikle ideene gjennom profesjonell veiledning, samtaler og praktisk utpr\u00f8ving i klasserommet?<\/p>\n\n\n\n<p>For fjerde \u00e5r p\u00e5 rad arrangerer ROM nasjonal DKS LAB rettet mot fagfeltene design og arkitektur. Deltagelse vil bli honorert med 25 000 kr per prosjekt, reise- og oppholdskostnader dekkes.<\/p>\n\n\n\n<p>S\u00f8knadsfrist er <strong>14. mars 2025<\/strong>. Se utlysning \u00e5 sidene til <a href=\"https:\/\/rom.no\/aktuelt\/open-call\/dks-lab-2025\" target=\"_blank\" rel=\"noreferrer noopener\">ROM for kunst og arkitektur<\/a> for s\u00f8knadsskjema og mer informasjon om DKS-LAB og s\u00f8knadsprosessen. Hvilke prosjekter man s\u00f8ker med er helt \u00e5pent. ROM har likevel s\u00e6rlig etterspurt unders\u00f8kende pedagogiske prosjekter for b\u00e6rekraft og tilgjengelighet.<\/p>\n\n\n\n<p>DKS-LAB Design og arkitektur koordineres av Kulturtanken og er et samarbeid mellom Kulturtanken, Sparebankstiftelsen, ROM for kunst og arkitektur, Bergen kommune, L\u00f8renskog kommune og Asker kommune.<\/p>\n\n\n\n<p>For mer informasjon om DKS-LAB generelt, og de andre DKS-labbene, se <a href=\"https:\/\/www.kulturtanken.no\/dks-lab\/\">Kulturtankens nettsider om emnet<\/a>.<\/p>\n\n\n\n<figure class=\"wp-block-image size-large\"><img loading=\"lazy\" decoding=\"async\" width=\"1024\" height=\"683\" src=\"https:\/\/cdn.denkulturelleskolesekken.no\/lorenskog\/872586c8-dsc02916-1024x683.jpeg\" alt=\"Illustrasjonsbilde av bygging av konstruksjoner i ulke materialer\" class=\"wp-image-1874\" srcset=\"https:\/\/cdn.denkulturelleskolesekken.no\/lorenskog\/872586c8-dsc02916-1024x683.jpeg 1024w, https:\/\/cdn.denkulturelleskolesekken.no\/lorenskog\/872586c8-dsc02916-300x200.jpeg 300w, https:\/\/cdn.denkulturelleskolesekken.no\/lorenskog\/872586c8-dsc02916-768x512.jpeg 768w, https:\/\/cdn.denkulturelleskolesekken.no\/lorenskog\/872586c8-dsc02916-272x182.jpeg 272w, https:\/\/cdn.denkulturelleskolesekken.no\/lorenskog\/872586c8-dsc02916.jpeg 1200w\" sizes=\"auto, (max-width: 1024px) 100vw, 1024px\" \/><figcaption class=\"wp-element-caption\">Foto: ROM for kunst og arkitektur<\/figcaption><\/figure>\n\n\n\n<div style=\"height:50px\" aria-hidden=\"true\" class=\"wp-block-spacer\"><\/div>\n","protected":false},"excerpt":{"rendered":"<p>Har du id\u00e9er til formidlingsprosjekter om arkitektur og design for barn og unge? Har du lyst til \u00e5 reise rundt p\u00e5 skoler og formidle til elever? \u00d8nsker du mulighet til \u00e5 videreutvikle ideene gjennom profesjonell veiledning, samtaler og praktisk utpr\u00f8ving i klasserommet? For fjerde \u00e5r p\u00e5 rad arrangerer ROM nasjonal DKS LAB rettet mot fagfeltene [&hellip;]<\/p>\n","protected":false},"author":7,"featured_media":2076,"comment_status":"closed","ping_status":"closed","sticky":false,"template":"","format":"standard","meta":{"footnotes":""},"categories":[2],"tags":[],"class_list":["post-2075","post","type-post","status-publish","format-standard","has-post-thumbnail","hentry","category-aktuelt"],"_links":{"self":[{"href":"https:\/\/www.denkulturelleskolesekken.no\/lorenskog\/wp-json\/wp\/v2\/posts\/2075","targetHints":{"allow":["GET"]}}],"collection":[{"href":"https:\/\/www.denkulturelleskolesekken.no\/lorenskog\/wp-json\/wp\/v2\/posts"}],"about":[{"href":"https:\/\/www.denkulturelleskolesekken.no\/lorenskog\/wp-json\/wp\/v2\/types\/post"}],"author":[{"embeddable":true,"href":"https:\/\/www.denkulturelleskolesekken.no\/lorenskog\/wp-json\/wp\/v2\/users\/7"}],"replies":[{"embeddable":true,"href":"https:\/\/www.denkulturelleskolesekken.no\/lorenskog\/wp-json\/wp\/v2\/comments?post=2075"}],"version-history":[{"count":7,"href":"https:\/\/www.denkulturelleskolesekken.no\/lorenskog\/wp-json\/wp\/v2\/posts\/2075\/revisions"}],"predecessor-version":[{"id":2083,"href":"https:\/\/www.denkulturelleskolesekken.no\/lorenskog\/wp-json\/wp\/v2\/posts\/2075\/revisions\/2083"}],"wp:featuredmedia":[{"embeddable":true,"href":"https:\/\/www.denkulturelleskolesekken.no\/lorenskog\/wp-json\/wp\/v2\/media\/2076"}],"wp:attachment":[{"href":"https:\/\/www.denkulturelleskolesekken.no\/lorenskog\/wp-json\/wp\/v2\/media?parent=2075"}],"wp:term":[{"taxonomy":"category","embeddable":true,"href":"https:\/\/www.denkulturelleskolesekken.no\/lorenskog\/wp-json\/wp\/v2\/categories?post=2075"},{"taxonomy":"post_tag","embeddable":true,"href":"https:\/\/www.denkulturelleskolesekken.no\/lorenskog\/wp-json\/wp\/v2\/tags?post=2075"}],"curies":[{"name":"wp","href":"https:\/\/api.w.org\/{rel}","templated":true}]}}