{"id":2062,"date":"2024-12-19T09:52:55","date_gmt":"2024-12-19T09:52:55","guid":{"rendered":"https:\/\/www.denkulturelleskolesekken.no\/lorenskog\/?p=2062"},"modified":"2024-12-19T09:52:57","modified_gmt":"2024-12-19T09:52:57","slug":"god-jul-og-godt-nytt-ar","status":"publish","type":"post","link":"https:\/\/www.denkulturelleskolesekken.no\/lorenskog\/2024\/12\/19\/god-jul-og-godt-nytt-ar\/","title":{"rendered":"God jul og godt nytt \u00e5r!"},"content":{"rendered":"\n<p>N\u00e5 har julefreden senket seg over Sk\u00e5rer g\u00e5rd, men i april var det liv og r\u00f8re her da L\u00f8renskog bygdemuseum, historielaget, husflidslaget, \u00f8kolaget, hagelaget og bygdekvinnelaget inviterte alle 6.-klassingene til verksted p\u00e5 g\u00e5rden. Her fikk elevene l\u00e6re om matens vei fra jord til bord.<\/p>\n\n\n\n<p>Vi vil ogs\u00e5 trekke frem forestillingen \u00abThe Global Music Challenge\u00bb som ble nyprodusert for DKS L\u00f8renskog dette \u00e5ret. I forestillingen fremf\u00f8rer Finn Evensen og Anders Hofstad S\u00f8r\u00e5s intet mindre enn 17 sanger fra 17 ulike land p\u00e5 17 spr\u00e5k! Selv om menneskenes landegrenser kan skape splittelse og uro, har de samme grensene gitt oss uendelig med mangfold og kulturelle uttrykk og spr\u00e5k.<\/p>\n\n\n\n<p>\u00c5rets store samarbeidsproduksjon med valgfaget produksjon for scene ved de kommunale ungdomsskolene, kulturskolen, Den kulturelle skolesekken, produksjonsenheten for L\u00f8renskog hus og oppvekst- og utdanningssektoren het \u00abBeautiful Creatures\u00bb. Dette var sjuende \u00e5ret vi lagde en slik samarbeidsproduksjon. \u00c5rets forestilling tok utgangspunkt i l\u00e6replanens tema demokrati og medborgerskap. I \u00e5r satte vi rekord med hele 200 ungdommer p\u00e5 scenen! Med seg p\u00e5 scenen hadde elevene profesjonelle musikere og elever fra kulturskolen. Til sammen fikk nesten 3000 publikummere sett forestillingene.<\/p>\n\n\n\n<p>Gjennom 2024 har vi gjennomf\u00f8rt 414 sm\u00e5 og store forestillinger og verksteder i regi av DKS.<\/p>\n\n\n\n<p>N\u00e5 i h\u00f8st har vi DKS-ansvarlige lest oss gjennom 1260 s\u00f8knader til DKS-programmet for skole\u00e5ret 2025-2026. P\u00e5 ny\u00e5ret skal de aller beste forslagene videre til de ulike fagr\u00e5dene f\u00f8r vi setter det endelige programmet. En produksjon er imidlertid allerede valgt. V\u00e5re flinke kulturverter p\u00e5 ungdomstrinnet, som har v\u00e6rt gjennom et vurderingskurs, har f\u00e5tt velge en litteraturproduksjon for 10. trinn.<\/p>\n\n\n\n<p>Vi \u00f8nsker alle elever, skoleansatte, ut\u00f8vere, kulturinstitusjoner og samarbeidspartnere i og utenfor L\u00f8renskog en riktig god jul og et godt nytt \u00e5r!<\/p>\n\n\n\n<p>Julehilsen fra Kjersti, \u00d8yvind, Tine og Siri<\/p>\n","protected":false},"excerpt":{"rendered":"<p>N\u00e5 har julefreden senket seg over Sk\u00e5rer g\u00e5rd, men i april var det liv og r\u00f8re her da L\u00f8renskog bygdemuseum, historielaget, husflidslaget, \u00f8kolaget, hagelaget og bygdekvinnelaget inviterte alle 6.-klassingene til verksted p\u00e5 g\u00e5rden. Her fikk elevene l\u00e6re om matens vei fra jord til bord. Vi vil ogs\u00e5 trekke frem forestillingen \u00abThe Global Music Challenge\u00bb som [&hellip;]<\/p>\n","protected":false},"author":7,"featured_media":2065,"comment_status":"closed","ping_status":"closed","sticky":false,"template":"","format":"standard","meta":{"footnotes":""},"categories":[2],"tags":[],"class_list":["post-2062","post","type-post","status-publish","format-standard","has-post-thumbnail","hentry","category-aktuelt"],"_links":{"self":[{"href":"https:\/\/www.denkulturelleskolesekken.no\/lorenskog\/wp-json\/wp\/v2\/posts\/2062","targetHints":{"allow":["GET"]}}],"collection":[{"href":"https:\/\/www.denkulturelleskolesekken.no\/lorenskog\/wp-json\/wp\/v2\/posts"}],"about":[{"href":"https:\/\/www.denkulturelleskolesekken.no\/lorenskog\/wp-json\/wp\/v2\/types\/post"}],"author":[{"embeddable":true,"href":"https:\/\/www.denkulturelleskolesekken.no\/lorenskog\/wp-json\/wp\/v2\/users\/7"}],"replies":[{"embeddable":true,"href":"https:\/\/www.denkulturelleskolesekken.no\/lorenskog\/wp-json\/wp\/v2\/comments?post=2062"}],"version-history":[{"count":3,"href":"https:\/\/www.denkulturelleskolesekken.no\/lorenskog\/wp-json\/wp\/v2\/posts\/2062\/revisions"}],"predecessor-version":[{"id":2067,"href":"https:\/\/www.denkulturelleskolesekken.no\/lorenskog\/wp-json\/wp\/v2\/posts\/2062\/revisions\/2067"}],"wp:featuredmedia":[{"embeddable":true,"href":"https:\/\/www.denkulturelleskolesekken.no\/lorenskog\/wp-json\/wp\/v2\/media\/2065"}],"wp:attachment":[{"href":"https:\/\/www.denkulturelleskolesekken.no\/lorenskog\/wp-json\/wp\/v2\/media?parent=2062"}],"wp:term":[{"taxonomy":"category","embeddable":true,"href":"https:\/\/www.denkulturelleskolesekken.no\/lorenskog\/wp-json\/wp\/v2\/categories?post=2062"},{"taxonomy":"post_tag","embeddable":true,"href":"https:\/\/www.denkulturelleskolesekken.no\/lorenskog\/wp-json\/wp\/v2\/tags?post=2062"}],"curies":[{"name":"wp","href":"https:\/\/api.w.org\/{rel}","templated":true}]}}