{"id":2054,"date":"2024-11-19T12:23:01","date_gmt":"2024-11-19T12:23:01","guid":{"rendered":"https:\/\/www.denkulturelleskolesekken.no\/lorenskog\/?p=2054"},"modified":"2024-11-19T12:23:02","modified_gmt":"2024-11-19T12:23:02","slug":"kraftfull-kunst-sprer-seg-over-lorenskog","status":"publish","type":"post","link":"https:\/\/www.denkulturelleskolesekken.no\/lorenskog\/2024\/11\/19\/kraftfull-kunst-sprer-seg-over-lorenskog\/","title":{"rendered":"Kraftfull kunst sprer seg over L\u00f8renskog!"},"content":{"rendered":"\n<p>Den kulturelle skolesekkens motto for \u00e5ret treffer rett i hjertet: Kunst er ikke bare vakkert \u2013 det er KRAFTFULLT!<\/p>\n\n\n\n<p>DKS-produsentene har gjennomf\u00f8rt en miniturn\u00e9 i h\u00f8st der de har m\u00f8tt alle l\u00e6rerne i L\u00f8renskogs grunnskoler. Med sin engasjerende fremf\u00f8ring og den n\u00e5 velkjente konfettikanonen, har de minnet l\u00e6rerkreftene i L\u00f8renskog p\u00e5 hvor viktig der er med kunst i skolen.<\/p>\n\n\n\n<p>N\u00e5r konfettien n\u00e5 endelig regner over L\u00f8renskog, markerer det starten p\u00e5 et \u00e5r hvor kunsten skal f\u00e5 vise sin kraft i skolehverdagen. Lenge leve kunsten!<\/p>\n\n\n<div id=\"pl-gb2054-69f3a68666f40\"  class=\"panel-layout\" ><div id=\"pg-gb2054-69f3a68666f40-0\"  class=\"panel-grid panel-no-style\" ><div id=\"pgc-gb2054-69f3a68666f40-0-0\"  class=\"panel-grid-cell\" ><div id=\"panel-gb2054-69f3a68666f40-0-0-0\" class=\"so-panel widget widget_media_video panel-first-child panel-last-child\" data-index=\"0\" ><div style=\"width:100%;\" class=\"wp-video\"><!--[if lt IE 9]><script>document.createElement('video');<\/script><![endif]-->\n<video class=\"wp-video-shortcode\" id=\"video-2054-1\" preload=\"metadata\" controls=\"controls\"><source type=\"video\/vimeo\" src=\"https:\/\/vimeo.com\/1030691489?loop=0&#038;_=1\" \/><a href=\"https:\/\/vimeo.com\/1030691489?loop=0\">https:\/\/vimeo.com\/1030691489?loop=0<\/a><\/video><\/div><\/div><\/div><\/div><\/div>\n\n\n<div style=\"height:50px\" aria-hidden=\"true\" class=\"wp-block-spacer\"><\/div>\n","protected":false},"excerpt":{"rendered":"<p>Den kulturelle skolesekkens motto for \u00e5ret treffer rett i hjertet: Kunst er ikke bare vakkert \u2013 det er KRAFTFULLT! DKS-produsentene har gjennomf\u00f8rt en miniturn\u00e9 i h\u00f8st der de har m\u00f8tt alle l\u00e6rerne i L\u00f8renskogs grunnskoler. Med sin engasjerende fremf\u00f8ring og den n\u00e5 velkjente konfettikanonen, har de minnet l\u00e6rerkreftene i L\u00f8renskog p\u00e5 hvor viktig der er [&hellip;]<\/p>\n","protected":false},"author":7,"featured_media":2055,"comment_status":"closed","ping_status":"closed","sticky":false,"template":"","format":"standard","meta":{"footnotes":""},"categories":[2],"tags":[],"class_list":["post-2054","post","type-post","status-publish","format-standard","has-post-thumbnail","hentry","category-aktuelt"],"_links":{"self":[{"href":"https:\/\/www.denkulturelleskolesekken.no\/lorenskog\/wp-json\/wp\/v2\/posts\/2054","targetHints":{"allow":["GET"]}}],"collection":[{"href":"https:\/\/www.denkulturelleskolesekken.no\/lorenskog\/wp-json\/wp\/v2\/posts"}],"about":[{"href":"https:\/\/www.denkulturelleskolesekken.no\/lorenskog\/wp-json\/wp\/v2\/types\/post"}],"author":[{"embeddable":true,"href":"https:\/\/www.denkulturelleskolesekken.no\/lorenskog\/wp-json\/wp\/v2\/users\/7"}],"replies":[{"embeddable":true,"href":"https:\/\/www.denkulturelleskolesekken.no\/lorenskog\/wp-json\/wp\/v2\/comments?post=2054"}],"version-history":[{"count":4,"href":"https:\/\/www.denkulturelleskolesekken.no\/lorenskog\/wp-json\/wp\/v2\/posts\/2054\/revisions"}],"predecessor-version":[{"id":2059,"href":"https:\/\/www.denkulturelleskolesekken.no\/lorenskog\/wp-json\/wp\/v2\/posts\/2054\/revisions\/2059"}],"wp:featuredmedia":[{"embeddable":true,"href":"https:\/\/www.denkulturelleskolesekken.no\/lorenskog\/wp-json\/wp\/v2\/media\/2055"}],"wp:attachment":[{"href":"https:\/\/www.denkulturelleskolesekken.no\/lorenskog\/wp-json\/wp\/v2\/media?parent=2054"}],"wp:term":[{"taxonomy":"category","embeddable":true,"href":"https:\/\/www.denkulturelleskolesekken.no\/lorenskog\/wp-json\/wp\/v2\/categories?post=2054"},{"taxonomy":"post_tag","embeddable":true,"href":"https:\/\/www.denkulturelleskolesekken.no\/lorenskog\/wp-json\/wp\/v2\/tags?post=2054"}],"curies":[{"name":"wp","href":"https:\/\/api.w.org\/{rel}","templated":true}]}}