{"id":1988,"date":"2024-08-12T13:40:32","date_gmt":"2024-08-12T13:40:32","guid":{"rendered":"https:\/\/www.denkulturelleskolesekken.no\/lorenskog\/?p=1988"},"modified":"2025-02-24T08:37:02","modified_gmt":"2025-02-24T08:37:02","slug":"vil-du-bidra-i-dks-skolearet-2025-2026","status":"publish","type":"post","link":"https:\/\/www.denkulturelleskolesekken.no\/lorenskog\/2024\/08\/12\/vil-du-bidra-i-dks-skolearet-2025-2026\/","title":{"rendered":"Vil du bidra i DKS skole\u00e5ret 2025\u20132026?"},"content":{"rendered":"\n<p>1. september \u00e5pner <a href=\"https:\/\/www.denkulturelleskolesekken.no\/forside\/om-dks\/utover\/\" target=\"_blank\" rel=\"noreferrer noopener\">DKS-portalen<\/a>&nbsp;for innsendelse og reaktivering av forslag til skole\u00e5ret 2025\u20132026.<br><strong>Innmeldingsfrist er 1. oktober 2024 kl. 23.59.<\/strong><\/p>\n\n\n\n<p><strong>Det er kun produksjoner for grunnskolen (1.\u201310. trinn) som er av interesse for DKS L\u00f8renskog.<\/strong><br>Produksjoner for videreg\u00e5ende skoler m\u00e5 sendes Akershus fylkeskommune fordi videreg\u00e5ende skoler er fylkeskommunale. <a href=\"https:\/\/www.denkulturelleskolesekken.no\/akershus\/\" target=\"_blank\" rel=\"noreferrer noopener\">Se nettsidene til DKS Akershus<\/a>.<\/p>\n\n\n\n<p>Den kulturelle skolesekken (DKS) bidrar til at alle skoleelever i Norge, uansett hvor de bor, hvilken skole de g\u00e5r p\u00e5 eller hvilken bakgrunn de har, m\u00f8ter profesjonell kunst og kultur. Flere tusen ut\u00f8vere bidrar i DKS-ordningen, som er landets st\u00f8rste formidlingsarena for kunstnere og kulturformidlere. Det er et m\u00e5l at ut\u00f8verne, produksjonene og apparatet elevene m\u00f8ter speiler v\u00e5rt samfunn, synliggj\u00f8r forbilder og bidrar til et inkluderende og mangfoldig fellesskap.<\/p>\n\n\n\n<p>Meld inn ditt programforslag \u2013 og du kan bli en av dem som bidrar i verdens beste ordning for kunst- og kulturformidling til barn og unge!<\/p>\n\n\n\n<h2 class=\"wp-block-heading\">Nyttige lenker til viktig informasjon<\/h2>\n\n\n\n<ul class=\"wp-block-list\">\n<li><a href=\"https:\/\/www.denkulturelleskolesekken.no\/lorenskog\/er-du-utover\/\">Viktig informasjon om s\u00f8knader til L\u00f8renskog kommune og s\u00f8knadsprosessen<\/a><\/li>\n\n\n\n<li>Meld inn forslag \u2013\u00a0<a href=\"https:\/\/portal.denkulturelleskolesekken.no\/\" target=\"_blank\" rel=\"noreferrer noopener\">logg inn i DKS-portalen<\/a><\/li>\n\n\n\n<li><a href=\"https:\/\/www.denkulturelleskolesekken.no\/ofte-stilte-sporsmal\/\" target=\"_blank\" rel=\"noreferrer noopener\">Ofte stilte sp\u00f8rsm\u00e5l<\/a><\/li>\n\n\n\n<li><a href=\"https:\/\/vimeo.com\/853659389?share=copy\">Veiledning for registrering av visuell kunst i DKS-portalen<\/a>\u00a0(video)<\/li>\n<\/ul>\n\n\n\n<h2 class=\"wp-block-heading\">Husk innmeldingsfristen!<\/h2>\n\n\n\n<p>Profesjonelle ut\u00f8vere, produsenter og formidlere av kunst og kultur kan melde inn forslag til Den kulturelle skolesekken via&nbsp;<a rel=\"noreferrer noopener\" href=\"https:\/\/portal.denkulturelleskolesekken.no\/\" target=\"_blank\">DKS-portalen<\/a>.<\/p>\n\n\n\n<p><strong>Innmeldingsfrist for p\u00e5f\u00f8lgende skole\u00e5r er 1. oktober kl 23.59. Fristen gjelder b\u00e5de nye programforslag og reaktivering av tidligere innsendte forslag<\/strong>.<\/p>\n\n\n\n<h2 class=\"wp-block-heading\">Endringer i forslagsskjema<\/h2>\n\n\n\n<p>Vi gj\u00f8r oppmerksom p\u00e5 at det er gjort enkelte endringer i forslagsskjemaet, og alle forslagsstillere m\u00e5 derfor lese n\u00f8ye gjennom f\u00f8r forslaget sendes inn.<\/p>\n\n\n\n<p><strong>Hvis det benyttes verk hvor det skal betales vederlag til TONO, BONO eller Kopinor, s\u00e5 m\u00e5 de aktuelle verkene registreres i portalen ved innmelding av forslag.<\/strong><\/p>\n\n\n\n<p>N\u00e5r du velger kunst- og kulturuttrykk, s\u00e5 er det \u00abhoveduttrykket\u00bb som skal st\u00e5 \u00f8verst.<\/p>\n\n\n\n<h2 class=\"wp-block-heading\">Problemer? Her f\u00e5r du hjelp!<\/h2>\n\n\n\n<p>Har du sp\u00f8rsm\u00e5l om hvordan du sender inn forslag eller tekniske problemer? Kontakt v\u00e5r&nbsp;<a href=\"https:\/\/www.denkulturelleskolesekken.no\/brukerstotte\/\">brukerst\u00f8tte<\/a>:<\/p>\n\n\n\n<p><strong>E-post:&nbsp;<\/strong><a href=\"mailto:support@denkulturelleskolesekken.no\">support@denkulturelleskolesekken.no<\/a><br><strong>Telefon:&nbsp;<\/strong>(+47) 479 74&nbsp;744<\/p>\n","protected":false},"excerpt":{"rendered":"<p>1. september \u00e5pner DKS-portalen&nbsp;for innsendelse og reaktivering av forslag til skole\u00e5ret 2025\u20132026.Innmeldingsfrist er 1. oktober 2024 kl. 23.59. Det er kun produksjoner for grunnskolen (1.\u201310. trinn) som er av interesse for DKS L\u00f8renskog.Produksjoner for videreg\u00e5ende skoler m\u00e5 sendes Akershus fylkeskommune fordi videreg\u00e5ende skoler er fylkeskommunale. Se nettsidene til DKS Akershus. Den kulturelle skolesekken (DKS) bidrar [&hellip;]<\/p>\n","protected":false},"author":7,"featured_media":1990,"comment_status":"closed","ping_status":"closed","sticky":false,"template":"","format":"standard","meta":{"footnotes":""},"categories":[2],"tags":[],"class_list":["post-1988","post","type-post","status-publish","format-standard","has-post-thumbnail","hentry","category-aktuelt"],"_links":{"self":[{"href":"https:\/\/www.denkulturelleskolesekken.no\/lorenskog\/wp-json\/wp\/v2\/posts\/1988","targetHints":{"allow":["GET"]}}],"collection":[{"href":"https:\/\/www.denkulturelleskolesekken.no\/lorenskog\/wp-json\/wp\/v2\/posts"}],"about":[{"href":"https:\/\/www.denkulturelleskolesekken.no\/lorenskog\/wp-json\/wp\/v2\/types\/post"}],"author":[{"embeddable":true,"href":"https:\/\/www.denkulturelleskolesekken.no\/lorenskog\/wp-json\/wp\/v2\/users\/7"}],"replies":[{"embeddable":true,"href":"https:\/\/www.denkulturelleskolesekken.no\/lorenskog\/wp-json\/wp\/v2\/comments?post=1988"}],"version-history":[{"count":8,"href":"https:\/\/www.denkulturelleskolesekken.no\/lorenskog\/wp-json\/wp\/v2\/posts\/1988\/revisions"}],"predecessor-version":[{"id":2155,"href":"https:\/\/www.denkulturelleskolesekken.no\/lorenskog\/wp-json\/wp\/v2\/posts\/1988\/revisions\/2155"}],"wp:featuredmedia":[{"embeddable":true,"href":"https:\/\/www.denkulturelleskolesekken.no\/lorenskog\/wp-json\/wp\/v2\/media\/1990"}],"wp:attachment":[{"href":"https:\/\/www.denkulturelleskolesekken.no\/lorenskog\/wp-json\/wp\/v2\/media?parent=1988"}],"wp:term":[{"taxonomy":"category","embeddable":true,"href":"https:\/\/www.denkulturelleskolesekken.no\/lorenskog\/wp-json\/wp\/v2\/categories?post=1988"},{"taxonomy":"post_tag","embeddable":true,"href":"https:\/\/www.denkulturelleskolesekken.no\/lorenskog\/wp-json\/wp\/v2\/tags?post=1988"}],"curies":[{"name":"wp","href":"https:\/\/api.w.org\/{rel}","templated":true}]}}