{"id":1851,"date":"2024-01-05T08:45:00","date_gmt":"2024-01-05T08:45:00","guid":{"rendered":"https:\/\/www.denkulturelleskolesekken.no\/lorenskog\/?p=1851"},"modified":"2024-01-05T13:43:34","modified_gmt":"2024-01-05T13:43:34","slug":"godt-nytt-ar","status":"publish","type":"post","link":"https:\/\/www.denkulturelleskolesekken.no\/lorenskog\/2024\/01\/05\/godt-nytt-ar\/","title":{"rendered":"Godt nytt \u00e5r!"},"content":{"rendered":"\n<p>DKS-teamet i L\u00f8renskog er veldig forn\u00f8yd med gjennomf\u00f8ringen av f\u00f8rste del av sesongens produksjoner. Vi trekker frem:<\/p>\n\n\n\n<ul class=\"wp-block-list\"><li>Visning av filmen <em>Mini-Zlatan og verdens beste onkel<\/em> for 3. trinn. En stor opplevelse for elevene som fikk b\u00e5de se filmen og m\u00f8te regiss\u00f8ren Christian Lo. Mange gode sp\u00f8rsm\u00e5l ble stilt, og Lo kunne bekrefte blant annet at \u00abJa, skuespilleren m\u00e5tte klippe h\u00e5ret <em>p\u00e5 ordentlig<\/em> i filmen.\u00bb<br><\/li><li> Hele 7. trinn ble invitert til Nasjonalmuseet for en introduksjon av utvalgte kunstverk fra perioden 1500\u20131900. Dette var for mange deres f\u00f8rste opplevelse av et av Norges mest monumentale bygg fra nyere tid. Vi h\u00e5per at nysgjerrigheten ble pirret og at nye bes\u00f8k st\u00e5r for tur.&nbsp;<br><\/li><li><em>Tusen knapper og fire strenger<\/em> \u2013 en konsert med to virtuose ut\u00f8vere som imponerte og fenget elevene v\u00e5re. Vi fikk oppleve spontan dans og bravorop fra publikum. Stor takk til Almir Meskovic og Daniel Lazar som delte stor musikkglede og fyrig samspill.<br><\/li><li>Alle elever i 1. trinn fikk oppleve sangerinnen Karoline Dahl Gullberg som turnerte rundt i klasserom og inspirerte til sang og musikkglede. Mange l\u00e6rere ble inspirert til \u00e5 ta med seg videre kjente sanger og regler i skolehverdagen.<\/li><\/ul>\n\n\n\n<p>2024 begynner med innspurten til forestillingen <em>Beautiful Creatures<\/em> i Storstua. Dette er et samarbeidsprosjekt forankret i valgfaget produksjon for scene for ungdomstrinnet. 200 ungdommer skal p\u00e5 scenen i uke 7 og vise frem forestillingen for elever p\u00e5 dagtid og foresatte p\u00e5 kvelden. Vi gleder oss!<\/p>\n\n\n\n<p>Vi \u00f8nsker \u00e5 takke v\u00e5re gode samarbeidspartnere internt og eksternt, alle kulturkontakter, l\u00e6rere og kulturverter i skolene, instrukt\u00f8rer og alle kulturarbeidere som jobber for og med oss.<\/p>\n\n\n\n<p>Vi \u00f8nsker alle et riktig godt nytt \u00e5r!<\/p>\n\n\n\n<p>Hilsen \u00d8yvind, Siri, Tine og Kjersti i DKS L\u00f8renskog<\/p>\n","protected":false},"excerpt":{"rendered":"<p>DKS-teamet i L\u00f8renskog er veldig forn\u00f8yd med gjennomf\u00f8ringen av f\u00f8rste del av sesongens produksjoner. Vi trekker frem: Visning av filmen Mini-Zlatan og verdens beste onkel for 3. trinn. En stor opplevelse for elevene som fikk b\u00e5de se filmen og m\u00f8te regiss\u00f8ren Christian Lo. Mange gode sp\u00f8rsm\u00e5l ble stilt, og Lo kunne bekrefte blant annet at [&hellip;]<\/p>\n","protected":false},"author":7,"featured_media":1852,"comment_status":"closed","ping_status":"closed","sticky":false,"template":"","format":"standard","meta":{"footnotes":""},"categories":[2],"tags":[],"class_list":["post-1851","post","type-post","status-publish","format-standard","has-post-thumbnail","hentry","category-aktuelt"],"_links":{"self":[{"href":"https:\/\/www.denkulturelleskolesekken.no\/lorenskog\/wp-json\/wp\/v2\/posts\/1851","targetHints":{"allow":["GET"]}}],"collection":[{"href":"https:\/\/www.denkulturelleskolesekken.no\/lorenskog\/wp-json\/wp\/v2\/posts"}],"about":[{"href":"https:\/\/www.denkulturelleskolesekken.no\/lorenskog\/wp-json\/wp\/v2\/types\/post"}],"author":[{"embeddable":true,"href":"https:\/\/www.denkulturelleskolesekken.no\/lorenskog\/wp-json\/wp\/v2\/users\/7"}],"replies":[{"embeddable":true,"href":"https:\/\/www.denkulturelleskolesekken.no\/lorenskog\/wp-json\/wp\/v2\/comments?post=1851"}],"version-history":[{"count":6,"href":"https:\/\/www.denkulturelleskolesekken.no\/lorenskog\/wp-json\/wp\/v2\/posts\/1851\/revisions"}],"predecessor-version":[{"id":1892,"href":"https:\/\/www.denkulturelleskolesekken.no\/lorenskog\/wp-json\/wp\/v2\/posts\/1851\/revisions\/1892"}],"wp:featuredmedia":[{"embeddable":true,"href":"https:\/\/www.denkulturelleskolesekken.no\/lorenskog\/wp-json\/wp\/v2\/media\/1852"}],"wp:attachment":[{"href":"https:\/\/www.denkulturelleskolesekken.no\/lorenskog\/wp-json\/wp\/v2\/media?parent=1851"}],"wp:term":[{"taxonomy":"category","embeddable":true,"href":"https:\/\/www.denkulturelleskolesekken.no\/lorenskog\/wp-json\/wp\/v2\/categories?post=1851"},{"taxonomy":"post_tag","embeddable":true,"href":"https:\/\/www.denkulturelleskolesekken.no\/lorenskog\/wp-json\/wp\/v2\/tags?post=1851"}],"curies":[{"name":"wp","href":"https:\/\/api.w.org\/{rel}","templated":true}]}}