{"id":1815,"date":"2023-09-04T09:53:22","date_gmt":"2023-09-04T09:53:22","guid":{"rendered":"https:\/\/www.denkulturelleskolesekken.no\/lorenskog\/?p=1815"},"modified":"2023-09-05T07:52:21","modified_gmt":"2023-09-05T07:52:21","slug":"gjennomforte-kulturvertkurs","status":"publish","type":"post","link":"https:\/\/www.denkulturelleskolesekken.no\/lorenskog\/2023\/09\/04\/gjennomforte-kulturvertkurs\/","title":{"rendered":"Gjennomf\u00f8rte kulturvertkurs"},"content":{"rendered":"\n<p>Fredag 1. september gjennomf\u00f8rte vi kurs for \u00e5rets kulturverter. 81 elever deltok p\u00e5 \u00e5rets kurs. \u00c5rets kulturskoleverter er n\u00e5 klare for \u00e5 bringe nye flotte kultur- og kunstopplevelser til sine medelever.<\/p>\n\n\n\n<p>Dette kunne ikke ha blitt mulig uten det flotte bidraget fra fortellerkunstneren Marianne Sundal. Hun ga deltagerne innsiktsfull forst\u00e5else av ut\u00f8vernes hverdag i Den kulturelle skolesekken. Hennes erfaring og kunnskap ga kulturvertene uvurderlig innsikt i mange av utfordringene i en kunstners hverdag n\u00e5r de reiser fra skole til skole.<\/p>\n\n\n\n<p>V\u00e5re kulturverter og kulturkontakter p\u00e5 skolene er v\u00e5re uunnv\u00e6rlige partnere for gjennomf\u00f8ring av DKS-produksjonene i skolene. Deres engasjement og bidrag p\u00e5 stedet sikrer at DKS-produksjonene presenteres og gjennomf\u00f8res p\u00e5 en god m\u00e5te, og at ut\u00f8verne blir tatt godt imot og f\u00e5r en god dag p\u00e5 jobben.<\/p>\n\n\n\n<p>Takk for en flott dag, og lykke til med gjennomf\u00f8ring av denne sesongens DKS-produksjoner!<\/p>\n\n\n\n<p><a href=\"https:\/\/www.denkulturelleskolesekken.no\/lorenskog\/er-du-kulturvert\/\">Les mer om kulturverter<\/a><\/p>\n\n\n\n<figure class=\"wp-block-image size-large\"><img loading=\"lazy\" decoding=\"async\" width=\"1024\" height=\"512\" src=\"https:\/\/cdn.denkulturelleskolesekken.no\/lorenskog\/2f8df47f-barn-23-24-1024x512.jpg\" alt=\"Barn som er kulturverter\" class=\"wp-image-1824\"\/><figcaption>Kulturvertene p\u00e5 barneskolene (foto: Kjersti Eggum)<\/figcaption><\/figure>\n","protected":false},"excerpt":{"rendered":"<p>Fredag 1. september gjennomf\u00f8rte vi kurs for \u00e5rets kulturverter. 81 elever deltok p\u00e5 \u00e5rets kurs. \u00c5rets kulturskoleverter er n\u00e5 klare for \u00e5 bringe nye flotte kultur- og kunstopplevelser til sine medelever. Dette kunne ikke ha blitt mulig uten det flotte bidraget fra fortellerkunstneren Marianne Sundal. Hun ga deltagerne innsiktsfull forst\u00e5else av ut\u00f8vernes hverdag i Den [&hellip;]<\/p>\n","protected":false},"author":7,"featured_media":1822,"comment_status":"closed","ping_status":"closed","sticky":false,"template":"","format":"standard","meta":{"footnotes":""},"categories":[2],"tags":[],"class_list":["post-1815","post","type-post","status-publish","format-standard","has-post-thumbnail","hentry","category-aktuelt"],"_links":{"self":[{"href":"https:\/\/www.denkulturelleskolesekken.no\/lorenskog\/wp-json\/wp\/v2\/posts\/1815","targetHints":{"allow":["GET"]}}],"collection":[{"href":"https:\/\/www.denkulturelleskolesekken.no\/lorenskog\/wp-json\/wp\/v2\/posts"}],"about":[{"href":"https:\/\/www.denkulturelleskolesekken.no\/lorenskog\/wp-json\/wp\/v2\/types\/post"}],"author":[{"embeddable":true,"href":"https:\/\/www.denkulturelleskolesekken.no\/lorenskog\/wp-json\/wp\/v2\/users\/7"}],"replies":[{"embeddable":true,"href":"https:\/\/www.denkulturelleskolesekken.no\/lorenskog\/wp-json\/wp\/v2\/comments?post=1815"}],"version-history":[{"count":4,"href":"https:\/\/www.denkulturelleskolesekken.no\/lorenskog\/wp-json\/wp\/v2\/posts\/1815\/revisions"}],"predecessor-version":[{"id":1825,"href":"https:\/\/www.denkulturelleskolesekken.no\/lorenskog\/wp-json\/wp\/v2\/posts\/1815\/revisions\/1825"}],"wp:featuredmedia":[{"embeddable":true,"href":"https:\/\/www.denkulturelleskolesekken.no\/lorenskog\/wp-json\/wp\/v2\/media\/1822"}],"wp:attachment":[{"href":"https:\/\/www.denkulturelleskolesekken.no\/lorenskog\/wp-json\/wp\/v2\/media?parent=1815"}],"wp:term":[{"taxonomy":"category","embeddable":true,"href":"https:\/\/www.denkulturelleskolesekken.no\/lorenskog\/wp-json\/wp\/v2\/categories?post=1815"},{"taxonomy":"post_tag","embeddable":true,"href":"https:\/\/www.denkulturelleskolesekken.no\/lorenskog\/wp-json\/wp\/v2\/tags?post=1815"}],"curies":[{"name":"wp","href":"https:\/\/api.w.org\/{rel}","templated":true}]}}