{"id":1801,"date":"2023-08-17T12:22:35","date_gmt":"2023-08-17T12:22:35","guid":{"rendered":"https:\/\/www.denkulturelleskolesekken.no\/lorenskog\/?p=1801"},"modified":"2023-08-17T13:17:50","modified_gmt":"2023-08-17T13:17:50","slug":"rapport-fra-2022-2023","status":"publish","type":"post","link":"https:\/\/www.denkulturelleskolesekken.no\/lorenskog\/2023\/08\/17\/rapport-fra-2022-2023\/","title":{"rendered":"Rapport fra 2022\u20132023"},"content":{"rendered":"\n<p>Skole\u00e5ret 2022\u20132023 er historie, og her finner du en rapport om DKS L\u00f8renskog dette skole\u00e5ret:<\/p>\n\n\n\n<div class=\"wp-block-file\"><a id=\"wp-block-file--media-261e72ec-a779-4baf-9769-fecaa5cf3e5d\" href=\"https:\/\/cdn.denkulturelleskolesekken.no\/lorenskog\/01553b55-rapport-for-den-kulturelle-skolesekken-i-lorenskog-2022-2023.pdf\" target=\"_blank\" rel=\"noreferrer noopener\">Rapport for Den kulturelle skolesekken i L\u00f8renskog 2022-2023<\/a><a href=\"https:\/\/cdn.denkulturelleskolesekken.no\/lorenskog\/01553b55-rapport-for-den-kulturelle-skolesekken-i-lorenskog-2022-2023.pdf\" class=\"wp-block-file__button\" download aria-describedby=\"wp-block-file--media-261e72ec-a779-4baf-9769-fecaa5cf3e5d\">Download<\/a><\/div>\n\n\n\n<p>Dette var det f\u00f8rste \u00e5ret p\u00e5 lenge som ikke var preget av pandemi og nedstenging, slik at programmet kunne gjennomf\u00f8res som normalt. Skole\u00e5ret startet med et brak da vi hadde konserter for opptil 1000 elever av gangen i R\u00e5dhusparken med gruppa African Sunz. <\/p>\n\n\n\n<p>Dette \u00e5ret m\u00e5tte vi ogs\u00e5 s\u00f8ke om fortsatt status som direktekommune, noe vi fikk innvilget desember 2022.<\/p>\n\n\n\n<p>DKS L\u00f8renskog har bidratt til flere nyproduksjoner, v\u00e6rt en del av den store samarbeidsproduksjonen <em>I&#8217;m still standing<\/em>, samarbeidet med ulike kulturinstitusjoner i kommunen og samarbeidet med andre kommuner.<\/p>\n\n\n\n<p>Ellers forteller rapporten om organisering, forankring i skolen, elevmedvirkning, programmet som var, hvordan vi velger ut programmet og finansiering.<\/p>\n","protected":false},"excerpt":{"rendered":"<p>Skole\u00e5ret 2022\u20132023 er historie, og her finner du en rapport om DKS L\u00f8renskog dette skole\u00e5ret: Dette var det f\u00f8rste \u00e5ret p\u00e5 lenge som ikke var preget av pandemi og nedstenging, slik at programmet kunne gjennomf\u00f8res som normalt. Skole\u00e5ret startet med et brak da vi hadde konserter for opptil 1000 elever av gangen i R\u00e5dhusparken med [&hellip;]<\/p>\n","protected":false},"author":7,"featured_media":1805,"comment_status":"closed","ping_status":"closed","sticky":false,"template":"","format":"standard","meta":{"footnotes":""},"categories":[2],"tags":[],"class_list":["post-1801","post","type-post","status-publish","format-standard","has-post-thumbnail","hentry","category-aktuelt"],"_links":{"self":[{"href":"https:\/\/www.denkulturelleskolesekken.no\/lorenskog\/wp-json\/wp\/v2\/posts\/1801","targetHints":{"allow":["GET"]}}],"collection":[{"href":"https:\/\/www.denkulturelleskolesekken.no\/lorenskog\/wp-json\/wp\/v2\/posts"}],"about":[{"href":"https:\/\/www.denkulturelleskolesekken.no\/lorenskog\/wp-json\/wp\/v2\/types\/post"}],"author":[{"embeddable":true,"href":"https:\/\/www.denkulturelleskolesekken.no\/lorenskog\/wp-json\/wp\/v2\/users\/7"}],"replies":[{"embeddable":true,"href":"https:\/\/www.denkulturelleskolesekken.no\/lorenskog\/wp-json\/wp\/v2\/comments?post=1801"}],"version-history":[{"count":8,"href":"https:\/\/www.denkulturelleskolesekken.no\/lorenskog\/wp-json\/wp\/v2\/posts\/1801\/revisions"}],"predecessor-version":[{"id":1982,"href":"https:\/\/www.denkulturelleskolesekken.no\/lorenskog\/wp-json\/wp\/v2\/posts\/1801\/revisions\/1982"}],"wp:featuredmedia":[{"embeddable":true,"href":"https:\/\/www.denkulturelleskolesekken.no\/lorenskog\/wp-json\/wp\/v2\/media\/1805"}],"wp:attachment":[{"href":"https:\/\/www.denkulturelleskolesekken.no\/lorenskog\/wp-json\/wp\/v2\/media?parent=1801"}],"wp:term":[{"taxonomy":"category","embeddable":true,"href":"https:\/\/www.denkulturelleskolesekken.no\/lorenskog\/wp-json\/wp\/v2\/categories?post=1801"},{"taxonomy":"post_tag","embeddable":true,"href":"https:\/\/www.denkulturelleskolesekken.no\/lorenskog\/wp-json\/wp\/v2\/tags?post=1801"}],"curies":[{"name":"wp","href":"https:\/\/api.w.org\/{rel}","templated":true}]}}