{"id":1728,"date":"2023-06-19T13:24:30","date_gmt":"2023-06-19T13:24:30","guid":{"rendered":"https:\/\/www.denkulturelleskolesekken.no\/lorenskog\/?p=1728"},"modified":"2023-06-20T07:23:38","modified_gmt":"2023-06-20T07:23:38","slug":"sommerhilsen","status":"publish","type":"post","link":"https:\/\/www.denkulturelleskolesekken.no\/lorenskog\/2023\/06\/19\/sommerhilsen\/","title":{"rendered":"Sommerhilsen"},"content":{"rendered":"\n<p>Skole\u00e5ret 2022-2023 g\u00e5r mot slutten, og det har v\u00e6rt et innholdsrikt \u00e5r. Totalt har vi hatt 29 ulike produksjoner, med til sammen 418 hendelser. Vi har hatt konserter i R\u00e5dhusparken med opptil 1000 elever, brukt mange av salene i L\u00f8renskog hus og hatt verksted og forestillinger ved tre av v\u00e5re fremste kulturminner &#8211; i tillegg til alle produksjonene p\u00e5 skolene. Vi gleder oss til mange flotte produksjoner ogs\u00e5 neste skole\u00e5r. <\/p>\n\n\n\n<p>Vi \u00f8nsker alle elever, skoleansatte, ut\u00f8vere, kulturinstitusjoner og samarbeidspartnere i og utenfor L\u00f8renskog en riktig god sommer!<\/p>\n\n\n\n<p>Hilsen Siri, Tuva, Kjersti og Elisa<\/p>\n","protected":false},"excerpt":{"rendered":"<p>Skole\u00e5ret 2022-2023 g\u00e5r mot slutten, og det har v\u00e6rt et innholdsrikt \u00e5r. Totalt har vi hatt 29 ulike produksjoner, med til sammen 418 hendelser. Vi har hatt konserter i R\u00e5dhusparken med opptil 1000 elever, brukt mange av salene i L\u00f8renskog hus og hatt verksted og forestillinger ved tre av v\u00e5re fremste kulturminner &#8211; i tillegg [&hellip;]<\/p>\n","protected":false},"author":7,"featured_media":1733,"comment_status":"closed","ping_status":"closed","sticky":false,"template":"","format":"standard","meta":{"footnotes":""},"categories":[2],"tags":[],"class_list":["post-1728","post","type-post","status-publish","format-standard","has-post-thumbnail","hentry","category-aktuelt"],"_links":{"self":[{"href":"https:\/\/www.denkulturelleskolesekken.no\/lorenskog\/wp-json\/wp\/v2\/posts\/1728","targetHints":{"allow":["GET"]}}],"collection":[{"href":"https:\/\/www.denkulturelleskolesekken.no\/lorenskog\/wp-json\/wp\/v2\/posts"}],"about":[{"href":"https:\/\/www.denkulturelleskolesekken.no\/lorenskog\/wp-json\/wp\/v2\/types\/post"}],"author":[{"embeddable":true,"href":"https:\/\/www.denkulturelleskolesekken.no\/lorenskog\/wp-json\/wp\/v2\/users\/7"}],"replies":[{"embeddable":true,"href":"https:\/\/www.denkulturelleskolesekken.no\/lorenskog\/wp-json\/wp\/v2\/comments?post=1728"}],"version-history":[{"count":3,"href":"https:\/\/www.denkulturelleskolesekken.no\/lorenskog\/wp-json\/wp\/v2\/posts\/1728\/revisions"}],"predecessor-version":[{"id":1735,"href":"https:\/\/www.denkulturelleskolesekken.no\/lorenskog\/wp-json\/wp\/v2\/posts\/1728\/revisions\/1735"}],"wp:featuredmedia":[{"embeddable":true,"href":"https:\/\/www.denkulturelleskolesekken.no\/lorenskog\/wp-json\/wp\/v2\/media\/1733"}],"wp:attachment":[{"href":"https:\/\/www.denkulturelleskolesekken.no\/lorenskog\/wp-json\/wp\/v2\/media?parent=1728"}],"wp:term":[{"taxonomy":"category","embeddable":true,"href":"https:\/\/www.denkulturelleskolesekken.no\/lorenskog\/wp-json\/wp\/v2\/categories?post=1728"},{"taxonomy":"post_tag","embeddable":true,"href":"https:\/\/www.denkulturelleskolesekken.no\/lorenskog\/wp-json\/wp\/v2\/tags?post=1728"}],"curies":[{"name":"wp","href":"https:\/\/api.w.org\/{rel}","templated":true}]}}