{"id":1643,"date":"2023-03-17T14:01:12","date_gmt":"2023-03-17T14:01:12","guid":{"rendered":"https:\/\/www.denkulturelleskolesekken.no\/lorenskog\/?p=1643"},"modified":"2023-03-17T14:01:53","modified_gmt":"2023-03-17T14:01:53","slug":"im-still-standing","status":"publish","type":"post","link":"https:\/\/www.denkulturelleskolesekken.no\/lorenskog\/2023\/03\/17\/im-still-standing\/","title":{"rendered":"I&#8217;m still standing"},"content":{"rendered":"\n<p>\u00abI\u2019m still standing\u00bb er \u00e5rets samarbeidsproduksjon mellom DKS L\u00f8renskog, L\u00f8renskog kulturskole, L\u00f8renskog hus, og ungdomsskolene gjennom valgfaget produksjon for scene.<\/p>\n\n\n\n<p>Samtlige elever p\u00e5 valgfaget produksjon for scene laget et innslag p\u00e5 egen skole som ble implementert i forestillingen. I tillegg kunne alle elevene delta i et frivillig ensemble fra kulturskolen, som sang, tegnefilm, manusutvikling og skuespiller til film eller dansegrupper.<\/p>\n\n\n\n<p>Alle numrene ble i \u00e5r satt sammen til en sterk forestilling med 130 ungdommer p\u00e5 scenen. Forestillingen ble fremf\u00f8rt for 2800 publikummere fra 7. til 10. trinn i L\u00f8renskog hus.<\/p>\n\n\n\n<p>\u00c5rets tema var folkehelse og livsmestring. Bildene taler i stor grad for seg, med sterkt engasjement p\u00e5 scenen fra elever og musikere fra L\u00f8renskog kulturskole, stolte instrukt\u00f8rer og l\u00e6rere og ikke minst mange flotte publikummere. Vi gleder oss til neste \u00e5rs samarbeid!<\/p>\n\n\n\n<figure class=\"wp-block-gallery has-nested-images columns-default is-cropped wp-block-gallery-1 is-layout-flex wp-block-gallery-is-layout-flex\">\n<figure class=\"wp-block-image size-large\"><img loading=\"lazy\" decoding=\"async\" width=\"1024\" height=\"682\" data-id=\"1647\" src=\"https:\/\/cdn.denkulturelleskolesekken.no\/lorenskog\/776f67cb-dsc00226-web-1024x682.jpg\" alt=\"\" class=\"wp-image-1647\" srcset=\"https:\/\/cdn.denkulturelleskolesekken.no\/lorenskog\/776f67cb-dsc00226-web-1024x682.jpg 1024w, https:\/\/cdn.denkulturelleskolesekken.no\/lorenskog\/776f67cb-dsc00226-web-300x200.jpg 300w, https:\/\/cdn.denkulturelleskolesekken.no\/lorenskog\/776f67cb-dsc00226-web-768x512.jpg 768w, https:\/\/cdn.denkulturelleskolesekken.no\/lorenskog\/776f67cb-dsc00226-web-1536x1024.jpg 1536w, https:\/\/cdn.denkulturelleskolesekken.no\/lorenskog\/776f67cb-dsc00226-web-272x182.jpg 272w, https:\/\/cdn.denkulturelleskolesekken.no\/lorenskog\/776f67cb-dsc00226-web.jpg 2000w\" sizes=\"auto, (max-width: 1024px) 100vw, 1024px\" \/><\/figure>\n\n\n\n<figure class=\"wp-block-image size-large\"><img loading=\"lazy\" decoding=\"async\" width=\"1024\" height=\"682\" data-id=\"1651\" src=\"https:\/\/cdn.denkulturelleskolesekken.no\/lorenskog\/88e21e45-dsc00581-web-1024x682.jpg\" alt=\"\" class=\"wp-image-1651\" srcset=\"https:\/\/cdn.denkulturelleskolesekken.no\/lorenskog\/88e21e45-dsc00581-web-1024x682.jpg 1024w, https:\/\/cdn.denkulturelleskolesekken.no\/lorenskog\/88e21e45-dsc00581-web-300x200.jpg 300w, https:\/\/cdn.denkulturelleskolesekken.no\/lorenskog\/88e21e45-dsc00581-web-768x512.jpg 768w, https:\/\/cdn.denkulturelleskolesekken.no\/lorenskog\/88e21e45-dsc00581-web-1536x1024.jpg 1536w, https:\/\/cdn.denkulturelleskolesekken.no\/lorenskog\/88e21e45-dsc00581-web-272x182.jpg 272w, https:\/\/cdn.denkulturelleskolesekken.no\/lorenskog\/88e21e45-dsc00581-web.jpg 2000w\" sizes=\"auto, (max-width: 1024px) 100vw, 1024px\" \/><\/figure>\n<\/figure>\n\n\n\n<figure class=\"wp-block-gallery has-nested-images columns-default is-cropped wp-block-gallery-2 is-layout-flex wp-block-gallery-is-layout-flex\">\n<figure class=\"wp-block-image size-large\"><img loading=\"lazy\" decoding=\"async\" width=\"1024\" height=\"683\" data-id=\"1648\" src=\"https:\/\/cdn.denkulturelleskolesekken.no\/lorenskog\/776f67cb-dsc00849-web-1024x683.jpg\" alt=\"\" class=\"wp-image-1648\" srcset=\"https:\/\/cdn.denkulturelleskolesekken.no\/lorenskog\/776f67cb-dsc00849-web-1024x683.jpg 1024w, https:\/\/cdn.denkulturelleskolesekken.no\/lorenskog\/776f67cb-dsc00849-web-300x200.jpg 300w, https:\/\/cdn.denkulturelleskolesekken.no\/lorenskog\/776f67cb-dsc00849-web-768x512.jpg 768w, https:\/\/cdn.denkulturelleskolesekken.no\/lorenskog\/776f67cb-dsc00849-web-272x182.jpg 272w, https:\/\/cdn.denkulturelleskolesekken.no\/lorenskog\/776f67cb-dsc00849-web.jpg 1500w\" sizes=\"auto, (max-width: 1024px) 100vw, 1024px\" \/><\/figure>\n\n\n\n<figure class=\"wp-block-image size-large\"><img loading=\"lazy\" decoding=\"async\" width=\"1024\" height=\"682\" data-id=\"1649\" src=\"https:\/\/cdn.denkulturelleskolesekken.no\/lorenskog\/776f67cb-dsc00509-web-1024x682.jpg\" alt=\"\" class=\"wp-image-1649\" srcset=\"https:\/\/cdn.denkulturelleskolesekken.no\/lorenskog\/776f67cb-dsc00509-web-1024x682.jpg 1024w, https:\/\/cdn.denkulturelleskolesekken.no\/lorenskog\/776f67cb-dsc00509-web-300x200.jpg 300w, https:\/\/cdn.denkulturelleskolesekken.no\/lorenskog\/776f67cb-dsc00509-web-768x512.jpg 768w, https:\/\/cdn.denkulturelleskolesekken.no\/lorenskog\/776f67cb-dsc00509-web-1536x1024.jpg 1536w, https:\/\/cdn.denkulturelleskolesekken.no\/lorenskog\/776f67cb-dsc00509-web-272x182.jpg 272w, https:\/\/cdn.denkulturelleskolesekken.no\/lorenskog\/776f67cb-dsc00509-web.jpg 2000w\" sizes=\"auto, (max-width: 1024px) 100vw, 1024px\" \/><\/figure>\n<\/figure>\n\n\n\n<div class=\"wp-block-media-text alignwide is-stacked-on-mobile\"><figure class=\"wp-block-media-text__media\"><img loading=\"lazy\" decoding=\"async\" width=\"682\" height=\"1024\" src=\"https:\/\/cdn.denkulturelleskolesekken.no\/lorenskog\/776f67cb-dsc00690-web-682x1024.jpg\" alt=\"\" class=\"wp-image-1650 size-full\" srcset=\"https:\/\/cdn.denkulturelleskolesekken.no\/lorenskog\/776f67cb-dsc00690-web-682x1024.jpg 682w, https:\/\/cdn.denkulturelleskolesekken.no\/lorenskog\/776f67cb-dsc00690-web-200x300.jpg 200w, https:\/\/cdn.denkulturelleskolesekken.no\/lorenskog\/776f67cb-dsc00690-web-768x1152.jpg 768w, https:\/\/cdn.denkulturelleskolesekken.no\/lorenskog\/776f67cb-dsc00690-web-1024x1536.jpg 1024w, https:\/\/cdn.denkulturelleskolesekken.no\/lorenskog\/776f67cb-dsc00690-web.jpg 1333w\" sizes=\"auto, (max-width: 682px) 100vw, 682px\" \/><\/figure><div class=\"wp-block-media-text__content\">\n<p>Foruten de fantastiske elevene deltok:<\/p>\n\n\n\n<p>Musikere: Anders Hofstad S\u00f8raas (kapellmester, arrangering og gitar), Christian Skaugen (slagverk), Kjell Audun Holest\u00f8l (bass), Andreas L\u00f8we (Tangent instrumenter) <\/p>\n\n\n\n<p>Instrukt\u00f8rer: Karoline Dahl Gullberg (sang), Astrid Ellensdatter Mork-Knutsen (tegnefilm), Elisa Kartum (manusutvikling, film og redigering), Camilla Hansen og Camilla Milla Ullsakerhaugen (dansekoreografier) Kjersti Eggum (prosjektleder) <\/p>\n\n\n\n<p>Teknikk: Amund T\u00f8mmerbakke (lyd) og Jonny Mareno T\u00f8rjesen (lys)<\/p>\n\n\n\n<p> <em>Fotos fra forestillingen: Elisa Kartum<\/em><\/p>\n<\/div><\/div>\n\n\n\n<p><\/p>\n","protected":false},"excerpt":{"rendered":"<p>\u00abI\u2019m still standing\u00bb er \u00e5rets samarbeidsproduksjon mellom DKS L\u00f8renskog, L\u00f8renskog kulturskole, L\u00f8renskog hus, og ungdomsskolene gjennom valgfaget produksjon for scene. Samtlige elever p\u00e5 valgfaget produksjon for scene laget et innslag p\u00e5 egen skole som ble implementert i forestillingen. I tillegg kunne alle elevene delta i et frivillig ensemble fra kulturskolen, som sang, tegnefilm, manusutvikling og [&hellip;]<\/p>\n","protected":false},"author":7,"featured_media":1644,"comment_status":"closed","ping_status":"closed","sticky":false,"template":"","format":"standard","meta":{"footnotes":""},"categories":[2],"tags":[],"class_list":["post-1643","post","type-post","status-publish","format-standard","has-post-thumbnail","hentry","category-aktuelt"],"_links":{"self":[{"href":"https:\/\/www.denkulturelleskolesekken.no\/lorenskog\/wp-json\/wp\/v2\/posts\/1643","targetHints":{"allow":["GET"]}}],"collection":[{"href":"https:\/\/www.denkulturelleskolesekken.no\/lorenskog\/wp-json\/wp\/v2\/posts"}],"about":[{"href":"https:\/\/www.denkulturelleskolesekken.no\/lorenskog\/wp-json\/wp\/v2\/types\/post"}],"author":[{"embeddable":true,"href":"https:\/\/www.denkulturelleskolesekken.no\/lorenskog\/wp-json\/wp\/v2\/users\/7"}],"replies":[{"embeddable":true,"href":"https:\/\/www.denkulturelleskolesekken.no\/lorenskog\/wp-json\/wp\/v2\/comments?post=1643"}],"version-history":[{"count":8,"href":"https:\/\/www.denkulturelleskolesekken.no\/lorenskog\/wp-json\/wp\/v2\/posts\/1643\/revisions"}],"predecessor-version":[{"id":1730,"href":"https:\/\/www.denkulturelleskolesekken.no\/lorenskog\/wp-json\/wp\/v2\/posts\/1643\/revisions\/1730"}],"wp:featuredmedia":[{"embeddable":true,"href":"https:\/\/www.denkulturelleskolesekken.no\/lorenskog\/wp-json\/wp\/v2\/media\/1644"}],"wp:attachment":[{"href":"https:\/\/www.denkulturelleskolesekken.no\/lorenskog\/wp-json\/wp\/v2\/media?parent=1643"}],"wp:term":[{"taxonomy":"category","embeddable":true,"href":"https:\/\/www.denkulturelleskolesekken.no\/lorenskog\/wp-json\/wp\/v2\/categories?post=1643"},{"taxonomy":"post_tag","embeddable":true,"href":"https:\/\/www.denkulturelleskolesekken.no\/lorenskog\/wp-json\/wp\/v2\/tags?post=1643"}],"curies":[{"name":"wp","href":"https:\/\/api.w.org\/{rel}","templated":true}]}}