{"id":1601,"date":"2022-12-16T13:13:05","date_gmt":"2022-12-16T13:13:05","guid":{"rendered":"https:\/\/www.denkulturelleskolesekken.no\/lorenskog\/?p=1601"},"modified":"2022-12-16T13:14:40","modified_gmt":"2022-12-16T13:14:40","slug":"julehilsen-fra-dks-lorenskog-2","status":"publish","type":"post","link":"https:\/\/www.denkulturelleskolesekken.no\/lorenskog\/2022\/12\/16\/julehilsen-fra-dks-lorenskog-2\/","title":{"rendered":"Julehilsen fra DKS L\u00f8renskog"},"content":{"rendered":"\n<p>Julefreden senker seg etter et travelt \u00e5r med varierte produksjoner fra Den kulturelle skolesekken i L\u00f8renskog.<\/p>\n\n\n\n<p>Den store samarbeidsproduksjonen \u00abKode r\u00f8d\u00bb ble som f\u00f8lge av pandemien gjennomf\u00f8rt som opptak, og gjort tilgjengelig for skoler, elever og hjemmene. H\u00f8stsemesteret startet med festivalstemning i R\u00e5dhusparken da Are Hansen dukket opp med trailer og gruppa African Sunz rappet for 1900 publikummere.<\/p>\n\n\n\n<p>DKS-administrasjonen har lest gjennom alle de 1068 programforslagene som kom inn for skole\u00e5ret 2023-2024, og vi forbereder n\u00e5 ungdomsr\u00e5d og fagr\u00e5d som skal hjelpe oss med den endelige utvelgelsen.<\/p>\n\n\n\n<p>DKS L\u00f8renskog har nettopp f\u00e5tt innvilget s\u00f8knad om \u00e5 forbli direktekommune i fire nye \u00e5r.<\/p>\n\n\n\n<p>Vi \u00f8nsker alle elever, skoleansatte, ut\u00f8vere, kulturinstitusjoner og samarbeidspartnere i og utenfor L\u00f8renskog en riktig god jul og et godt nytt \u00e5r!<\/p>\n\n\n\n<p>Julehilsen fra Kjersti, Elisa og Siri<\/p>\n","protected":false},"excerpt":{"rendered":"<p>Julefreden senker seg etter et travelt \u00e5r med varierte produksjoner fra Den kulturelle skolesekken i L\u00f8renskog. Den store samarbeidsproduksjonen \u00abKode r\u00f8d\u00bb ble som f\u00f8lge av pandemien gjennomf\u00f8rt som opptak, og gjort tilgjengelig for skoler, elever og hjemmene. H\u00f8stsemesteret startet med festivalstemning i R\u00e5dhusparken da Are Hansen dukket opp med trailer og gruppa African Sunz rappet [&hellip;]<\/p>\n","protected":false},"author":7,"featured_media":1605,"comment_status":"closed","ping_status":"closed","sticky":false,"template":"","format":"standard","meta":{"footnotes":""},"categories":[2],"tags":[],"class_list":["post-1601","post","type-post","status-publish","format-standard","has-post-thumbnail","hentry","category-aktuelt"],"_links":{"self":[{"href":"https:\/\/www.denkulturelleskolesekken.no\/lorenskog\/wp-json\/wp\/v2\/posts\/1601","targetHints":{"allow":["GET"]}}],"collection":[{"href":"https:\/\/www.denkulturelleskolesekken.no\/lorenskog\/wp-json\/wp\/v2\/posts"}],"about":[{"href":"https:\/\/www.denkulturelleskolesekken.no\/lorenskog\/wp-json\/wp\/v2\/types\/post"}],"author":[{"embeddable":true,"href":"https:\/\/www.denkulturelleskolesekken.no\/lorenskog\/wp-json\/wp\/v2\/users\/7"}],"replies":[{"embeddable":true,"href":"https:\/\/www.denkulturelleskolesekken.no\/lorenskog\/wp-json\/wp\/v2\/comments?post=1601"}],"version-history":[{"count":3,"href":"https:\/\/www.denkulturelleskolesekken.no\/lorenskog\/wp-json\/wp\/v2\/posts\/1601\/revisions"}],"predecessor-version":[{"id":1606,"href":"https:\/\/www.denkulturelleskolesekken.no\/lorenskog\/wp-json\/wp\/v2\/posts\/1601\/revisions\/1606"}],"wp:featuredmedia":[{"embeddable":true,"href":"https:\/\/www.denkulturelleskolesekken.no\/lorenskog\/wp-json\/wp\/v2\/media\/1605"}],"wp:attachment":[{"href":"https:\/\/www.denkulturelleskolesekken.no\/lorenskog\/wp-json\/wp\/v2\/media?parent=1601"}],"wp:term":[{"taxonomy":"category","embeddable":true,"href":"https:\/\/www.denkulturelleskolesekken.no\/lorenskog\/wp-json\/wp\/v2\/categories?post=1601"},{"taxonomy":"post_tag","embeddable":true,"href":"https:\/\/www.denkulturelleskolesekken.no\/lorenskog\/wp-json\/wp\/v2\/tags?post=1601"}],"curies":[{"name":"wp","href":"https:\/\/api.w.org\/{rel}","templated":true}]}}