{"id":1588,"date":"2022-09-07T12:54:48","date_gmt":"2022-09-07T12:54:48","guid":{"rendered":"https:\/\/www.denkulturelleskolesekken.no\/lorenskog\/?p=1588"},"modified":"2022-09-07T12:56:03","modified_gmt":"2022-09-07T12:56:03","slug":"arets-kulturvertkurs-er-vel-gjennomfort","status":"publish","type":"post","link":"https:\/\/www.denkulturelleskolesekken.no\/lorenskog\/2022\/09\/07\/arets-kulturvertkurs-er-vel-gjennomfort\/","title":{"rendered":"\u00c5rets kulturvertkurs er vel gjennomf\u00f8rt"},"content":{"rendered":"\n<p>Mandag 5. september arrangerte vi kurs for \u00e5rets kulturverter. Totalt hadde 97 elever meldt seg som kulturverter for skole\u00e5ret 2022-2023!<\/p>\n\n\n\n<p>P\u00e5 kurset fikk elevene l\u00e6re hva det vil si \u00e5 v\u00e6re et godt vertskap. Dessuten fikk de utdelt t-skjorter fra DKS og \u00e5rets ID-kort for kulturverter. Vi fikk ogs\u00e5 bes\u00f8k av DKS-ut\u00f8ver og fortellerkunstner Marianne Sundal. Hun fortalte litt om hvordan det er \u00e5 v\u00e6re ut\u00f8ver i DKS.<\/p>\n\n\n\n<p><a href=\"https:\/\/www.denkulturelleskolesekken.no\/lorenskog\/er-du-kulturvert\/\" data-type=\"URL\" data-id=\"https:\/\/www.denkulturelleskolesekken.no\/lorenskog\/er-du-kulturvert\/\">Mer informasjon om det \u00e5 v\u00e6re kulturvert<\/a><\/p>\n\n\n\n<figure class=\"wp-block-image size-large\"><img loading=\"lazy\" decoding=\"async\" width=\"1024\" height=\"685\" src=\"https:\/\/cdn.denkulturelleskolesekken.no\/lorenskog\/c62ae584-ungdomskolene-web-1024x685.jpg\" alt=\"Kulturverter fra ungdomsskolene\" class=\"wp-image-1591\" srcset=\"https:\/\/cdn.denkulturelleskolesekken.no\/lorenskog\/c62ae584-ungdomskolene-web-1024x685.jpg 1024w, https:\/\/cdn.denkulturelleskolesekken.no\/lorenskog\/c62ae584-ungdomskolene-web-300x201.jpg 300w, https:\/\/cdn.denkulturelleskolesekken.no\/lorenskog\/c62ae584-ungdomskolene-web-768x514.jpg 768w, https:\/\/cdn.denkulturelleskolesekken.no\/lorenskog\/c62ae584-ungdomskolene-web-272x182.jpg 272w, https:\/\/cdn.denkulturelleskolesekken.no\/lorenskog\/c62ae584-ungdomskolene-web.jpg 1500w\" sizes=\"auto, (max-width: 1024px) 100vw, 1024px\" \/><figcaption>Kulturvertene fra ungdomsskolene (foto: Elisa Kartum)<\/figcaption><\/figure>\n","protected":false},"excerpt":{"rendered":"<p>Mandag 5. september arrangerte vi kurs for \u00e5rets kulturverter. Totalt hadde 97 elever meldt seg som kulturverter for skole\u00e5ret 2022-2023! P\u00e5 kurset fikk elevene l\u00e6re hva det vil si \u00e5 v\u00e6re et godt vertskap. Dessuten fikk de utdelt t-skjorter fra DKS og \u00e5rets ID-kort for kulturverter. Vi fikk ogs\u00e5 bes\u00f8k av DKS-ut\u00f8ver og fortellerkunstner Marianne [&hellip;]<\/p>\n","protected":false},"author":7,"featured_media":1590,"comment_status":"closed","ping_status":"closed","sticky":false,"template":"","format":"standard","meta":{"footnotes":""},"categories":[2],"tags":[],"class_list":["post-1588","post","type-post","status-publish","format-standard","has-post-thumbnail","hentry","category-aktuelt"],"_links":{"self":[{"href":"https:\/\/www.denkulturelleskolesekken.no\/lorenskog\/wp-json\/wp\/v2\/posts\/1588","targetHints":{"allow":["GET"]}}],"collection":[{"href":"https:\/\/www.denkulturelleskolesekken.no\/lorenskog\/wp-json\/wp\/v2\/posts"}],"about":[{"href":"https:\/\/www.denkulturelleskolesekken.no\/lorenskog\/wp-json\/wp\/v2\/types\/post"}],"author":[{"embeddable":true,"href":"https:\/\/www.denkulturelleskolesekken.no\/lorenskog\/wp-json\/wp\/v2\/users\/7"}],"replies":[{"embeddable":true,"href":"https:\/\/www.denkulturelleskolesekken.no\/lorenskog\/wp-json\/wp\/v2\/comments?post=1588"}],"version-history":[{"count":3,"href":"https:\/\/www.denkulturelleskolesekken.no\/lorenskog\/wp-json\/wp\/v2\/posts\/1588\/revisions"}],"predecessor-version":[{"id":1594,"href":"https:\/\/www.denkulturelleskolesekken.no\/lorenskog\/wp-json\/wp\/v2\/posts\/1588\/revisions\/1594"}],"wp:featuredmedia":[{"embeddable":true,"href":"https:\/\/www.denkulturelleskolesekken.no\/lorenskog\/wp-json\/wp\/v2\/media\/1590"}],"wp:attachment":[{"href":"https:\/\/www.denkulturelleskolesekken.no\/lorenskog\/wp-json\/wp\/v2\/media?parent=1588"}],"wp:term":[{"taxonomy":"category","embeddable":true,"href":"https:\/\/www.denkulturelleskolesekken.no\/lorenskog\/wp-json\/wp\/v2\/categories?post=1588"},{"taxonomy":"post_tag","embeddable":true,"href":"https:\/\/www.denkulturelleskolesekken.no\/lorenskog\/wp-json\/wp\/v2\/tags?post=1588"}],"curies":[{"name":"wp","href":"https:\/\/api.w.org\/{rel}","templated":true}]}}