{"id":1508,"date":"2022-06-21T09:49:42","date_gmt":"2022-06-21T09:49:42","guid":{"rendered":"https:\/\/www.denkulturelleskolesekken.no\/lorenskog\/?p=1508"},"modified":"2022-06-21T10:20:52","modified_gmt":"2022-06-21T10:20:52","slug":"god-sommer","status":"publish","type":"post","link":"https:\/\/www.denkulturelleskolesekken.no\/lorenskog\/2022\/06\/21\/god-sommer\/","title":{"rendered":"God sommer!"},"content":{"rendered":"\n<p>\u00c5ret startet med nye koronarestriksjoner, som f\u00f8rte til en del tilpasninger. Den store samarbeidsproduksjonen \u00abKode r\u00f8d\u00bb ble gjennomf\u00f8rt som opptak og gjort tilgjengelig for skoler, elever og hjemmene. Etter vinterferien ble det bedre tider, og vi har f\u00e5tt gjennomf\u00f8rt b\u00e5de planlagte og utsatte produksjoner.<\/p>\n\n\n\n<p>DKS-koordinator Tuva Rein fikk 18. mai en nydelig datter, og er n\u00e5 ute i permisjon. Elisa Kartum begynner som hennes vikar 8. august.<\/p>\n\n\n\n<p>Vi gleder oss til mange spennende produksjoner og godt samarbeid i \u00e5ret som kommer, og \u00f8nsker alle en riktig god sommerferie!<\/p>\n","protected":false},"excerpt":{"rendered":"<p>\u00c5ret startet med nye koronarestriksjoner, som f\u00f8rte til en del tilpasninger. Den store samarbeidsproduksjonen \u00abKode r\u00f8d\u00bb ble gjennomf\u00f8rt som opptak og gjort tilgjengelig for skoler, elever og hjemmene. Etter vinterferien ble det bedre tider, og vi har f\u00e5tt gjennomf\u00f8rt b\u00e5de planlagte og utsatte produksjoner. DKS-koordinator Tuva Rein fikk 18. mai en nydelig datter, og er [&hellip;]<\/p>\n","protected":false},"author":7,"featured_media":1509,"comment_status":"closed","ping_status":"closed","sticky":false,"template":"","format":"standard","meta":{"footnotes":""},"categories":[2],"tags":[],"class_list":["post-1508","post","type-post","status-publish","format-standard","has-post-thumbnail","hentry","category-aktuelt"],"_links":{"self":[{"href":"https:\/\/www.denkulturelleskolesekken.no\/lorenskog\/wp-json\/wp\/v2\/posts\/1508","targetHints":{"allow":["GET"]}}],"collection":[{"href":"https:\/\/www.denkulturelleskolesekken.no\/lorenskog\/wp-json\/wp\/v2\/posts"}],"about":[{"href":"https:\/\/www.denkulturelleskolesekken.no\/lorenskog\/wp-json\/wp\/v2\/types\/post"}],"author":[{"embeddable":true,"href":"https:\/\/www.denkulturelleskolesekken.no\/lorenskog\/wp-json\/wp\/v2\/users\/7"}],"replies":[{"embeddable":true,"href":"https:\/\/www.denkulturelleskolesekken.no\/lorenskog\/wp-json\/wp\/v2\/comments?post=1508"}],"version-history":[{"count":3,"href":"https:\/\/www.denkulturelleskolesekken.no\/lorenskog\/wp-json\/wp\/v2\/posts\/1508\/revisions"}],"predecessor-version":[{"id":1514,"href":"https:\/\/www.denkulturelleskolesekken.no\/lorenskog\/wp-json\/wp\/v2\/posts\/1508\/revisions\/1514"}],"wp:featuredmedia":[{"embeddable":true,"href":"https:\/\/www.denkulturelleskolesekken.no\/lorenskog\/wp-json\/wp\/v2\/media\/1509"}],"wp:attachment":[{"href":"https:\/\/www.denkulturelleskolesekken.no\/lorenskog\/wp-json\/wp\/v2\/media?parent=1508"}],"wp:term":[{"taxonomy":"category","embeddable":true,"href":"https:\/\/www.denkulturelleskolesekken.no\/lorenskog\/wp-json\/wp\/v2\/categories?post=1508"},{"taxonomy":"post_tag","embeddable":true,"href":"https:\/\/www.denkulturelleskolesekken.no\/lorenskog\/wp-json\/wp\/v2\/tags?post=1508"}],"curies":[{"name":"wp","href":"https:\/\/api.w.org\/{rel}","templated":true}]}}