{"id":1499,"date":"2022-06-14T07:49:58","date_gmt":"2022-06-14T07:49:58","guid":{"rendered":"https:\/\/www.denkulturelleskolesekken.no\/lorenskog\/?p=1499"},"modified":"2022-06-14T08:38:05","modified_gmt":"2022-06-14T08:38:05","slug":"kulturvertavslutning","status":"publish","type":"post","link":"https:\/\/www.denkulturelleskolesekken.no\/lorenskog\/2022\/06\/14\/kulturvertavslutning\/","title":{"rendered":"Kulturvertavslutning"},"content":{"rendered":"\n<p>13. juni samlet vi kulturvertene for barne- og ungdomsskolene til en avslutning f\u00f8r sommeren. Her fikk de  fortelle litt om hvordan det har v\u00e6rt \u00e5 v\u00e6re kulturvert, evaluere oppgavene og si litt om de ulike produksjonene de har v\u00e6rt med p\u00e5. Kulturvertene fikk ogs\u00e5 h\u00f8re litt om hva de kan bruke erfaringene til videre.<\/p>\n\n\n\n<p>Det er ingen tvil om at kulturvertene gj\u00f8r en viktig jobb med \u00e5 v\u00e6re vertskap for ut\u00f8vere, rigge til forestilling og markedsf\u00f8re produksjonene i forkant. Dette blir ogs\u00e5 lagt merke til av ut\u00f8verne, som skryter uhemmet av L\u00f8renskogs flinke kulturverter.<\/p>\n\n\n\n<p>Til slutt fikk alle kulturvertene en attest og is.<\/p>\n","protected":false},"excerpt":{"rendered":"<p>13. juni samlet vi kulturvertene for barne- og ungdomsskolene til en avslutning f\u00f8r sommeren. Her fikk de fortelle litt om hvordan det har v\u00e6rt \u00e5 v\u00e6re kulturvert, evaluere oppgavene og si litt om de ulike produksjonene de har v\u00e6rt med p\u00e5. Kulturvertene fikk ogs\u00e5 h\u00f8re litt om hva de kan bruke erfaringene til videre. Det [&hellip;]<\/p>\n","protected":false},"author":7,"featured_media":1504,"comment_status":"closed","ping_status":"closed","sticky":false,"template":"","format":"standard","meta":{"footnotes":""},"categories":[2],"tags":[],"class_list":["post-1499","post","type-post","status-publish","format-standard","has-post-thumbnail","hentry","category-aktuelt"],"_links":{"self":[{"href":"https:\/\/www.denkulturelleskolesekken.no\/lorenskog\/wp-json\/wp\/v2\/posts\/1499","targetHints":{"allow":["GET"]}}],"collection":[{"href":"https:\/\/www.denkulturelleskolesekken.no\/lorenskog\/wp-json\/wp\/v2\/posts"}],"about":[{"href":"https:\/\/www.denkulturelleskolesekken.no\/lorenskog\/wp-json\/wp\/v2\/types\/post"}],"author":[{"embeddable":true,"href":"https:\/\/www.denkulturelleskolesekken.no\/lorenskog\/wp-json\/wp\/v2\/users\/7"}],"replies":[{"embeddable":true,"href":"https:\/\/www.denkulturelleskolesekken.no\/lorenskog\/wp-json\/wp\/v2\/comments?post=1499"}],"version-history":[{"count":3,"href":"https:\/\/www.denkulturelleskolesekken.no\/lorenskog\/wp-json\/wp\/v2\/posts\/1499\/revisions"}],"predecessor-version":[{"id":1505,"href":"https:\/\/www.denkulturelleskolesekken.no\/lorenskog\/wp-json\/wp\/v2\/posts\/1499\/revisions\/1505"}],"wp:featuredmedia":[{"embeddable":true,"href":"https:\/\/www.denkulturelleskolesekken.no\/lorenskog\/wp-json\/wp\/v2\/media\/1504"}],"wp:attachment":[{"href":"https:\/\/www.denkulturelleskolesekken.no\/lorenskog\/wp-json\/wp\/v2\/media?parent=1499"}],"wp:term":[{"taxonomy":"category","embeddable":true,"href":"https:\/\/www.denkulturelleskolesekken.no\/lorenskog\/wp-json\/wp\/v2\/categories?post=1499"},{"taxonomy":"post_tag","embeddable":true,"href":"https:\/\/www.denkulturelleskolesekken.no\/lorenskog\/wp-json\/wp\/v2\/tags?post=1499"}],"curies":[{"name":"wp","href":"https:\/\/api.w.org\/{rel}","templated":true}]}}