{"id":1453,"date":"2022-04-25T15:48:21","date_gmt":"2022-04-25T15:48:21","guid":{"rendered":"https:\/\/www.denkulturelleskolesekken.no\/lorenskog\/?p=1453"},"modified":"2022-05-30T13:27:26","modified_gmt":"2022-05-30T13:27:26","slug":"ny-overordnet-plan-for-dks-i-lorenskog","status":"publish","type":"post","link":"https:\/\/www.denkulturelleskolesekken.no\/lorenskog\/2022\/04\/25\/ny-overordnet-plan-for-dks-i-lorenskog\/","title":{"rendered":"Ny overordnet plan for DKS i L\u00f8renskog"},"content":{"rendered":"\n<p>Den kulturelle skolesekken i L\u00f8renskog har f\u00e5tt en ny overordnet plan, som ble vedtatt i formannskapet 20. april 2022. Planen redegj\u00f8r for DKS-ordningen, finansiering, m\u00e5l for DKS i L\u00f8renskog, organisering, programmering, skole- og elevmedvirkning, satsingsfelt og samarbeidspartnere.<\/p>\n\n\n\n<p>Planen er n\u00e5 oppdatert med de nye nasjonale m\u00e5lene for ordningen, slik de st\u00e5r i <em>Stortingsmelding nr. 18 (2020\u20132021) Oppleve, skape dele \u2013 Kunst og kultur for, med og av barn og unge<\/em>, som ble godkjent i statsr\u00e5d 19. mars 2021.<\/p>\n\n\n\n<p>Planen har ogs\u00e5 noen lokale m\u00e5l som sier at DKS skal:<\/p>\n\n\n\n<ul class=\"wp-block-list\"><li>bidra til oppf\u00f8lging av kommunens ungdomssatsing<\/li><li>bidra til \u00e5 gi barn og unge i L\u00f8renskog kjennskap til lokale ut\u00f8vere og kulturinstitusjoner<\/li><li>sikre at elevene f\u00e5r mulighet til medvirkning gjennom dialog, deltagelse og innflytelse, og dermed sikre at de f\u00e5r et eierskap til programmet<\/li><\/ul>\n\n\n\n<p><a href=\"https:\/\/www.denkulturelleskolesekken.no\/lorenskog\/overordnet-plan-for-dks\/\">Her kan du lese hele planen<\/a><\/p>\n","protected":false},"excerpt":{"rendered":"<p>Den kulturelle skolesekken i L\u00f8renskog har f\u00e5tt en ny overordnet plan, som ble vedtatt i formannskapet 20. april 2022. Planen redegj\u00f8r for DKS-ordningen, finansiering, m\u00e5l for DKS i L\u00f8renskog, organisering, programmering, skole- og elevmedvirkning, satsingsfelt og samarbeidspartnere. Planen er n\u00e5 oppdatert med de nye nasjonale m\u00e5lene for ordningen, slik de st\u00e5r i Stortingsmelding nr. 18 [&hellip;]<\/p>\n","protected":false},"author":7,"featured_media":1455,"comment_status":"closed","ping_status":"closed","sticky":false,"template":"","format":"standard","meta":{"footnotes":""},"categories":[2],"tags":[],"class_list":["post-1453","post","type-post","status-publish","format-standard","has-post-thumbnail","hentry","category-aktuelt"],"_links":{"self":[{"href":"https:\/\/www.denkulturelleskolesekken.no\/lorenskog\/wp-json\/wp\/v2\/posts\/1453","targetHints":{"allow":["GET"]}}],"collection":[{"href":"https:\/\/www.denkulturelleskolesekken.no\/lorenskog\/wp-json\/wp\/v2\/posts"}],"about":[{"href":"https:\/\/www.denkulturelleskolesekken.no\/lorenskog\/wp-json\/wp\/v2\/types\/post"}],"author":[{"embeddable":true,"href":"https:\/\/www.denkulturelleskolesekken.no\/lorenskog\/wp-json\/wp\/v2\/users\/7"}],"replies":[{"embeddable":true,"href":"https:\/\/www.denkulturelleskolesekken.no\/lorenskog\/wp-json\/wp\/v2\/comments?post=1453"}],"version-history":[{"count":7,"href":"https:\/\/www.denkulturelleskolesekken.no\/lorenskog\/wp-json\/wp\/v2\/posts\/1453\/revisions"}],"predecessor-version":[{"id":1497,"href":"https:\/\/www.denkulturelleskolesekken.no\/lorenskog\/wp-json\/wp\/v2\/posts\/1453\/revisions\/1497"}],"wp:featuredmedia":[{"embeddable":true,"href":"https:\/\/www.denkulturelleskolesekken.no\/lorenskog\/wp-json\/wp\/v2\/media\/1455"}],"wp:attachment":[{"href":"https:\/\/www.denkulturelleskolesekken.no\/lorenskog\/wp-json\/wp\/v2\/media?parent=1453"}],"wp:term":[{"taxonomy":"category","embeddable":true,"href":"https:\/\/www.denkulturelleskolesekken.no\/lorenskog\/wp-json\/wp\/v2\/categories?post=1453"},{"taxonomy":"post_tag","embeddable":true,"href":"https:\/\/www.denkulturelleskolesekken.no\/lorenskog\/wp-json\/wp\/v2\/tags?post=1453"}],"curies":[{"name":"wp","href":"https:\/\/api.w.org\/{rel}","templated":true}]}}