{"id":1415,"date":"2022-02-15T16:05:53","date_gmt":"2022-02-15T16:05:53","guid":{"rendered":"https:\/\/www.denkulturelleskolesekken.no\/lorenskog\/?p=1415"},"modified":"2023-03-20T14:09:13","modified_gmt":"2023-03-20T14:09:13","slug":"kode-rod","status":"publish","type":"post","link":"https:\/\/www.denkulturelleskolesekken.no\/lorenskog\/2022\/02\/15\/kode-rod\/","title":{"rendered":"Kode r\u00f8d!"},"content":{"rendered":"\n<p>\u00c5rets store samarbeidsprosjekt mellom L\u00f8renskog kulturskole, alle ungdomsskolene gjennom valgfaget produksjon for&nbsp;scene, kulturhuset L\u00f8renskog hus og Den kulturelle skolesekken i L\u00f8renskog har n\u00e5 landet med et flott resultat i produksjonen \u00abKode r\u00f8d!\u00bb.<\/p>\n\n\n\n<p>Vi hadde planlagt \u00e5tte forestillinger i L\u00f8renskog hus i uke 5, men p\u00e5 grunn av h\u00f8ye smittetall m\u00e5tte vi endre planene. En videoproduksjon av hele forestillingen ble l\u00f8sningen \u2013 og for en produksjon det ble!<\/p>\n\n\n\n<p>Alle innslagene traff der de skulle \u2013 b\u00e5de i hjertet, hodet og magen. Elevene str\u00e5lte om kapp p\u00e5 scenen i L\u00f8renskog hus. Musikere og teknikere skapte en fantastisk, profesjonell og trygg ramme for alle, og elevene fikk skinne gjennom sang, teater og danseinnslag, b\u00e5de med selvskrevne og andres tekster.<\/p>\n\n\n\n<p>\u00c5rets tema for samarbeidsprosjektet var b\u00e6rekraftig utvikling. Det ble formidlet gjennom sang, dans, teater, skyggespill, tegnefilm og samspill. Den r\u00f8de tr\u00e5den gjennom forestillingen er hvordan vi alle har et felles ansvar for \u00e5 forvalte naturen og jorden vi lever av.<\/p>\n\n\n\n<p>Filmen ble vist for alle klasser fra 7-10 trinn i L\u00f8renskog og var tilgjengelig for str\u00f8mming til 28. februar.<\/p>\n\n\n\n<figure class=\"wp-block-gallery has-nested-images columns-2 is-cropped wp-block-gallery-1 is-layout-flex wp-block-gallery-is-layout-flex\">\n<figure class=\"wp-block-image size-large\"><img loading=\"lazy\" decoding=\"async\" width=\"1024\" height=\"683\" data-id=\"1420\" src=\"https:\/\/cdn.denkulturelleskolesekken.no\/lorenskog\/37d8ee4d-dsc00868-1024x683.jpg\" alt=\"Dansere under Kode r\u00f8d!\" class=\"wp-image-1420\" srcset=\"https:\/\/cdn.denkulturelleskolesekken.no\/lorenskog\/37d8ee4d-dsc00868-1024x683.jpg 1024w, https:\/\/cdn.denkulturelleskolesekken.no\/lorenskog\/37d8ee4d-dsc00868-300x200.jpg 300w, https:\/\/cdn.denkulturelleskolesekken.no\/lorenskog\/37d8ee4d-dsc00868-768x512.jpg 768w, https:\/\/cdn.denkulturelleskolesekken.no\/lorenskog\/37d8ee4d-dsc00868-272x182.jpg 272w, https:\/\/cdn.denkulturelleskolesekken.no\/lorenskog\/37d8ee4d-dsc00868.jpg 1500w\" sizes=\"auto, (max-width: 1024px) 100vw, 1024px\" \/><\/figure>\n\n\n\n<figure class=\"wp-block-image size-large\"><img loading=\"lazy\" decoding=\"async\" width=\"1024\" height=\"683\" data-id=\"1421\" src=\"https:\/\/cdn.denkulturelleskolesekken.no\/lorenskog\/d3b4e0ea-dsc00874-1024x683.jpg\" alt=\"Elev som fremf\u00f8rer tekst\" class=\"wp-image-1421\" srcset=\"https:\/\/cdn.denkulturelleskolesekken.no\/lorenskog\/d3b4e0ea-dsc00874-1024x683.jpg 1024w, https:\/\/cdn.denkulturelleskolesekken.no\/lorenskog\/d3b4e0ea-dsc00874-300x200.jpg 300w, https:\/\/cdn.denkulturelleskolesekken.no\/lorenskog\/d3b4e0ea-dsc00874-768x512.jpg 768w, https:\/\/cdn.denkulturelleskolesekken.no\/lorenskog\/d3b4e0ea-dsc00874-272x182.jpg 272w, https:\/\/cdn.denkulturelleskolesekken.no\/lorenskog\/d3b4e0ea-dsc00874.jpg 1500w\" sizes=\"auto, (max-width: 1024px) 100vw, 1024px\" \/><\/figure>\n\n\n\n<figure class=\"wp-block-image size-large\"><img loading=\"lazy\" decoding=\"async\" width=\"1024\" height=\"683\" data-id=\"1422\" src=\"https:\/\/cdn.denkulturelleskolesekken.no\/lorenskog\/b83805bc-dsc00897-1024x683.jpg\" alt=\"Elev som synger\" class=\"wp-image-1422\" srcset=\"https:\/\/cdn.denkulturelleskolesekken.no\/lorenskog\/b83805bc-dsc00897-1024x683.jpg 1024w, https:\/\/cdn.denkulturelleskolesekken.no\/lorenskog\/b83805bc-dsc00897-300x200.jpg 300w, https:\/\/cdn.denkulturelleskolesekken.no\/lorenskog\/b83805bc-dsc00897-768x512.jpg 768w, https:\/\/cdn.denkulturelleskolesekken.no\/lorenskog\/b83805bc-dsc00897-272x182.jpg 272w, https:\/\/cdn.denkulturelleskolesekken.no\/lorenskog\/b83805bc-dsc00897.jpg 1500w\" sizes=\"auto, (max-width: 1024px) 100vw, 1024px\" \/><\/figure>\n\n\n\n<figure class=\"wp-block-image size-large\"><img loading=\"lazy\" decoding=\"async\" width=\"1024\" height=\"683\" data-id=\"1424\" src=\"https:\/\/cdn.denkulturelleskolesekken.no\/lorenskog\/c5c8905a-dsc00924-1024x683.jpg\" alt=\"Musikere under Kode r\u00f8d!\" class=\"wp-image-1424\" srcset=\"https:\/\/cdn.denkulturelleskolesekken.no\/lorenskog\/c5c8905a-dsc00924-1024x683.jpg 1024w, https:\/\/cdn.denkulturelleskolesekken.no\/lorenskog\/c5c8905a-dsc00924-300x200.jpg 300w, https:\/\/cdn.denkulturelleskolesekken.no\/lorenskog\/c5c8905a-dsc00924-768x512.jpg 768w, https:\/\/cdn.denkulturelleskolesekken.no\/lorenskog\/c5c8905a-dsc00924-272x182.jpg 272w, https:\/\/cdn.denkulturelleskolesekken.no\/lorenskog\/c5c8905a-dsc00924.jpg 1500w\" sizes=\"auto, (max-width: 1024px) 100vw, 1024px\" \/><\/figure>\n\n\n\n<figure class=\"wp-block-image size-large\"><img loading=\"lazy\" decoding=\"async\" width=\"1024\" height=\"683\" data-id=\"1423\" src=\"https:\/\/cdn.denkulturelleskolesekken.no\/lorenskog\/e03e040a-dsc00921-1024x683.jpg\" alt=\"Elever som synger\" class=\"wp-image-1423\" srcset=\"https:\/\/cdn.denkulturelleskolesekken.no\/lorenskog\/e03e040a-dsc00921-1024x683.jpg 1024w, https:\/\/cdn.denkulturelleskolesekken.no\/lorenskog\/e03e040a-dsc00921-300x200.jpg 300w, https:\/\/cdn.denkulturelleskolesekken.no\/lorenskog\/e03e040a-dsc00921-768x512.jpg 768w, https:\/\/cdn.denkulturelleskolesekken.no\/lorenskog\/e03e040a-dsc00921-272x182.jpg 272w, https:\/\/cdn.denkulturelleskolesekken.no\/lorenskog\/e03e040a-dsc00921.jpg 1500w\" sizes=\"auto, (max-width: 1024px) 100vw, 1024px\" \/><\/figure>\n\n\n\n<figure class=\"wp-block-image size-large\"><img loading=\"lazy\" decoding=\"async\" width=\"1024\" height=\"683\" data-id=\"1425\" src=\"https:\/\/cdn.denkulturelleskolesekken.no\/lorenskog\/4ff3bf8e-dsc00934-1024x683.jpg\" alt=\"Dansere under Kode r\u00f8d!\" class=\"wp-image-1425\" srcset=\"https:\/\/cdn.denkulturelleskolesekken.no\/lorenskog\/4ff3bf8e-dsc00934-1024x683.jpg 1024w, https:\/\/cdn.denkulturelleskolesekken.no\/lorenskog\/4ff3bf8e-dsc00934-300x200.jpg 300w, https:\/\/cdn.denkulturelleskolesekken.no\/lorenskog\/4ff3bf8e-dsc00934-768x512.jpg 768w, https:\/\/cdn.denkulturelleskolesekken.no\/lorenskog\/4ff3bf8e-dsc00934-272x182.jpg 272w, https:\/\/cdn.denkulturelleskolesekken.no\/lorenskog\/4ff3bf8e-dsc00934.jpg 1500w\" sizes=\"auto, (max-width: 1024px) 100vw, 1024px\" \/><\/figure>\n<\/figure>\n\n\n\n<p>Bilder fra generalpr\u00f8ven til \u00abKode r\u00f8d!\u00bb (foto: Siri Adorsen, L\u00f8renskog kommune)<\/p>\n\n\n\n<p>Musikerne i bandet var Anders Hofstad S\u00f8r\u00e5s (arrang\u00f8r\/kapellmester\/gitar), Kjell-Audun Holest\u00f8l (bass), Christian Skaugen (slagverk), Nicklas \u00d6hgren (tangentinstrumenter) og kulturskoleelever p\u00e5 gitar: Lucas Mikkelborg Cardoso og Anton Knutsen Halsaa.<\/p>\n\n\n\n<p>Lyd: Amund T\u00f8mmerbakke. Lys: Jonny Gr\u00f8dal og Marita Storheim. Filmopptak: Ole-J\u00f8rgen L\u00f8hren. Klipp: Ole-J\u00f8rgen L\u00f8hren og Amund T\u00f8mmerbakke.<\/p>\n\n\n\n<p>Instruksjon p\u00e5 skolene: Cecilie \u00d8vreb\u00f8 Sund (Fjellsrud skole), Kjetil Elvestad Albertsen (Hammer skole), Ole-Martin Synnes og Torjus Eggen (Kjenn skole), Unni Havdal Skavdal og Anita Utstumo J\u00f8rstad (L\u00f8ken\u00e5sen skole).<\/p>\n\n\n\n<p>Instrukt\u00f8rer: Karoline Dahl Gullberg (sangensemblet), Amalie Skj\u00e6rpe (samtidsdans), Johanne Woie (hip hop), Camilla Malmquist (tegnefilm) og Kjersti \u00d8stnes Eggum (teater\/skyggeteater).<\/p>\n\n\n\n<p>Prosjektledelse: L\u00f8renskog kulturskole v\/Kjersti \u00d8stnes Eggum.<\/p>\n","protected":false},"excerpt":{"rendered":"<p>\u00c5rets store samarbeidsprosjekt mellom L\u00f8renskog kulturskole, alle ungdomsskolene gjennom valgfaget produksjon for&nbsp;scene, kulturhuset L\u00f8renskog hus og Den kulturelle skolesekken i L\u00f8renskog har n\u00e5 landet med et flott resultat i produksjonen \u00abKode r\u00f8d!\u00bb. Vi hadde planlagt \u00e5tte forestillinger i L\u00f8renskog hus i uke 5, men p\u00e5 grunn av h\u00f8ye smittetall m\u00e5tte vi endre planene. En videoproduksjon [&hellip;]<\/p>\n","protected":false},"author":7,"featured_media":1418,"comment_status":"closed","ping_status":"closed","sticky":false,"template":"","format":"standard","meta":{"footnotes":""},"categories":[2],"tags":[],"class_list":["post-1415","post","type-post","status-publish","format-standard","has-post-thumbnail","hentry","category-aktuelt"],"_links":{"self":[{"href":"https:\/\/www.denkulturelleskolesekken.no\/lorenskog\/wp-json\/wp\/v2\/posts\/1415","targetHints":{"allow":["GET"]}}],"collection":[{"href":"https:\/\/www.denkulturelleskolesekken.no\/lorenskog\/wp-json\/wp\/v2\/posts"}],"about":[{"href":"https:\/\/www.denkulturelleskolesekken.no\/lorenskog\/wp-json\/wp\/v2\/types\/post"}],"author":[{"embeddable":true,"href":"https:\/\/www.denkulturelleskolesekken.no\/lorenskog\/wp-json\/wp\/v2\/users\/7"}],"replies":[{"embeddable":true,"href":"https:\/\/www.denkulturelleskolesekken.no\/lorenskog\/wp-json\/wp\/v2\/comments?post=1415"}],"version-history":[{"count":15,"href":"https:\/\/www.denkulturelleskolesekken.no\/lorenskog\/wp-json\/wp\/v2\/posts\/1415\/revisions"}],"predecessor-version":[{"id":1661,"href":"https:\/\/www.denkulturelleskolesekken.no\/lorenskog\/wp-json\/wp\/v2\/posts\/1415\/revisions\/1661"}],"wp:featuredmedia":[{"embeddable":true,"href":"https:\/\/www.denkulturelleskolesekken.no\/lorenskog\/wp-json\/wp\/v2\/media\/1418"}],"wp:attachment":[{"href":"https:\/\/www.denkulturelleskolesekken.no\/lorenskog\/wp-json\/wp\/v2\/media?parent=1415"}],"wp:term":[{"taxonomy":"category","embeddable":true,"href":"https:\/\/www.denkulturelleskolesekken.no\/lorenskog\/wp-json\/wp\/v2\/categories?post=1415"},{"taxonomy":"post_tag","embeddable":true,"href":"https:\/\/www.denkulturelleskolesekken.no\/lorenskog\/wp-json\/wp\/v2\/tags?post=1415"}],"curies":[{"name":"wp","href":"https:\/\/api.w.org\/{rel}","templated":true}]}}