{"id":1337,"date":"2022-01-10T09:51:48","date_gmt":"2022-01-10T09:51:48","guid":{"rendered":"https:\/\/www.denkulturelleskolesekken.no\/lorenskog\/?p=1337"},"modified":"2022-02-18T13:52:24","modified_gmt":"2022-02-18T13:52:24","slug":"demokratikonserten","status":"publish","type":"post","link":"https:\/\/www.denkulturelleskolesekken.no\/lorenskog\/2022\/01\/10\/demokratikonserten\/","title":{"rendered":"Demokratikonserten"},"content":{"rendered":"\n<p>DKS B\u00e6rum har sammen med DKS L\u00f8renskog og Kulturtanken startet utvikling av \u00abDemokratikonserten\u00bb. Her vil elevene bruke iPad til \u00e5 v\u00e6re med og bestemme hvordan konsertens innhold skal bli. Elevene gj\u00f8r valg som p\u00e5virker konsertens utvikling og som settes i kontekst med hvordan et demokrati fungerer.<\/p>\n\n\n\n<p>Konserten blir nyskapende i hvordan elevene f\u00e5r medvirke. Det at alle elevene har en likeverdig stemme hvor de bidrar med \u00e5 velge innhold, men ogs\u00e5 \u00e5 v\u00e6re medspillere, har ikke v\u00e6rt gjort i DKS-sammenheng tidligere. <\/p>\n\n\n\n<p>Knut S\u00e6vik, Marianna Sangita R\u00f8e og Andreas R\u00f8ysum&nbsp;er med som musikere. Elevene f\u00e5r oppleve profesjonelle musikere som liker \u00e5 improvisere, rappe, multitaske mellom ulike sjangre og lage morsomme tekster. Musikerne tar utfordringene p\u00e5 strak arm og resultatet er at ingen konserter blir like.<\/p>\n\n\n\n<p>\u00abDemokratikonserten\u00bb vil etter hver bes\u00f8ke alle barneskolene i B\u00e6rum og L\u00f8renskog. Det blir ogs\u00e5 laget en ressursside som skolene kan bruke n\u00e5r de \u00f8nsker \u00e5 jobbe med temaet demokrati, enten generelt eller med en musikalsk tiln\u00e6rming.&nbsp;<\/p>\n\n\n\n<h2 class=\"wp-block-heading\" id=\"testkonserter-med-elever-fra-lorenskog\">Testkonserter med elever fra L\u00f8renskog<\/h2>\n\n\n\n<p>16. februar tok DKS L\u00f8renskog med seg seks elever fra Fjellhamar skole inn til Kulturtankens lokaler i Nydalen hvor de fikk v\u00e6re med p\u00e5 to testkonserter. 17. februar tok musikerne og representanter for DKS B\u00e6rum turen til L\u00f8renskog og Luhr skole. Her fikk hele 6. trinn oppleve den aller f\u00f8rste skolekonserten. Alle elever p\u00e5 6. trinn f\u00e5r denne konserten gjennom DKS i desember 2022.<\/p>\n\n\n\n<figure class=\"wp-block-image size-large\"><img loading=\"lazy\" decoding=\"async\" width=\"1024\" height=\"683\" src=\"https:\/\/cdn.denkulturelleskolesekken.no\/lorenskog\/7ea5ff40-dsc00952-1024x683.jpg\" alt=\"Elever p\u00e5 konsert med tre musikere\" class=\"wp-image-1444\"\/><figcaption>Testkonsert med \u00abDemokratikonserten\u00bb p\u00e5 Luhr skole (foto: Siri Adorsen, L\u00f8renskog kommune)<\/figcaption><\/figure>\n","protected":false},"excerpt":{"rendered":"<p>DKS B\u00e6rum har sammen med DKS L\u00f8renskog og Kulturtanken startet utvikling av \u00abDemokratikonserten\u00bb. Her vil elevene bruke iPad til \u00e5 v\u00e6re med og bestemme hvordan konsertens innhold skal bli. Elevene gj\u00f8r valg som p\u00e5virker konsertens utvikling og som settes i kontekst med hvordan et demokrati fungerer. Konserten blir nyskapende i hvordan elevene f\u00e5r medvirke. Det [&hellip;]<\/p>\n","protected":false},"author":7,"featured_media":1410,"comment_status":"closed","ping_status":"closed","sticky":false,"template":"","format":"standard","meta":{"footnotes":""},"categories":[2],"tags":[],"class_list":["post-1337","post","type-post","status-publish","format-standard","has-post-thumbnail","hentry","category-aktuelt"],"_links":{"self":[{"href":"https:\/\/www.denkulturelleskolesekken.no\/lorenskog\/wp-json\/wp\/v2\/posts\/1337","targetHints":{"allow":["GET"]}}],"collection":[{"href":"https:\/\/www.denkulturelleskolesekken.no\/lorenskog\/wp-json\/wp\/v2\/posts"}],"about":[{"href":"https:\/\/www.denkulturelleskolesekken.no\/lorenskog\/wp-json\/wp\/v2\/types\/post"}],"author":[{"embeddable":true,"href":"https:\/\/www.denkulturelleskolesekken.no\/lorenskog\/wp-json\/wp\/v2\/users\/7"}],"replies":[{"embeddable":true,"href":"https:\/\/www.denkulturelleskolesekken.no\/lorenskog\/wp-json\/wp\/v2\/comments?post=1337"}],"version-history":[{"count":9,"href":"https:\/\/www.denkulturelleskolesekken.no\/lorenskog\/wp-json\/wp\/v2\/posts\/1337\/revisions"}],"predecessor-version":[{"id":1447,"href":"https:\/\/www.denkulturelleskolesekken.no\/lorenskog\/wp-json\/wp\/v2\/posts\/1337\/revisions\/1447"}],"wp:featuredmedia":[{"embeddable":true,"href":"https:\/\/www.denkulturelleskolesekken.no\/lorenskog\/wp-json\/wp\/v2\/media\/1410"}],"wp:attachment":[{"href":"https:\/\/www.denkulturelleskolesekken.no\/lorenskog\/wp-json\/wp\/v2\/media?parent=1337"}],"wp:term":[{"taxonomy":"category","embeddable":true,"href":"https:\/\/www.denkulturelleskolesekken.no\/lorenskog\/wp-json\/wp\/v2\/categories?post=1337"},{"taxonomy":"post_tag","embeddable":true,"href":"https:\/\/www.denkulturelleskolesekken.no\/lorenskog\/wp-json\/wp\/v2\/tags?post=1337"}],"curies":[{"name":"wp","href":"https:\/\/api.w.org\/{rel}","templated":true}]}}