{"id":1318,"date":"2021-12-17T15:22:49","date_gmt":"2021-12-17T15:22:49","guid":{"rendered":"https:\/\/www.denkulturelleskolesekken.no\/lorenskog\/?p=1318"},"modified":"2023-01-23T13:13:40","modified_gmt":"2023-01-23T13:13:40","slug":"julehilsen-fra-dks-lorenskog","status":"publish","type":"post","link":"https:\/\/www.denkulturelleskolesekken.no\/lorenskog\/2021\/12\/17\/julehilsen-fra-dks-lorenskog\/","title":{"rendered":"Julehilsen fra DKS L\u00f8renskog julen 2021"},"content":{"rendered":"\n<p>2021 startet litt traurig med mange digitale produksjoner, utsettelser og avlysninger. I juni kunne vi endelig tilby fysiske kulturopplevelser igjen, noe b\u00e5de elever og ut\u00f8vere satte stor pris p\u00e5. Fra h\u00f8sten ble det fullt kj\u00f8r med mange og varierte produksjoner for sm\u00e5 og store.<\/p>\n\n\n\n<p>Vi i administrasjonen har ikke ligget p\u00e5 latsiden. Vi er n\u00e5 ferdige med \u00e5 behandle alle innkomne s\u00f8knader til neste skole\u00e5r. Vi fikk i \u00e5r totalt 927 forslag. Vi har laget en plan for neste skole\u00e5r som skal sikre barn og unge i L\u00f8renskog spennende og l\u00e6rerike opplevelser gjennom skole\u00e5ret.<\/p>\n\n\n\n<p>Vi har i disse dager et spennende samarbeid med DKS B\u00e6rum og Kulturtanken om utvikling av forestillingen \u00abDemokratikonserten\u00bb hvor elevene ved hjelp av egne iPads skal stemme fram stemninger, farger og framf\u00f8ringsm\u00e5ter i forestillingen. Forestillingen skal turnere i B\u00e6rum i mars og i L\u00f8renskog i november.<\/p>\n\n\n\n<p>Det er flott at vi kan utvikle nye og spennende prosjekter n\u00e5r vi ellers har m\u00e5ttet avlyse og utsette noen produksjoner i desember. Vi h\u00e5per \u00e5 kunne gjennomf\u00f8re disse p\u00e5 ny\u00e5ret, og vet at jo mer vi utsetter, dess mer travelt blir det p\u00e5 v\u00e5ren, men vi skal nok klare \u00abbrasene\u00bb dette \u00e5ret ogs\u00e5.<\/p>\n\n\n\n<p>Vi \u00f8nsker alle gode samarbeidspartnere i L\u00f8renskog en str\u00e5lende jul og et forh\u00e5pentligvis smittefritt godt nytt \u00e5r!<\/p>\n\n\n\n<p>Julehilsen fra Siri, Tuva og Kjersti<\/p>\n","protected":false},"excerpt":{"rendered":"<p>2021 startet litt traurig med mange digitale produksjoner, utsettelser og avlysninger. I juni kunne vi endelig tilby fysiske kulturopplevelser igjen, noe b\u00e5de elever og ut\u00f8vere satte stor pris p\u00e5. Fra h\u00f8sten ble det fullt kj\u00f8r med mange og varierte produksjoner for sm\u00e5 og store. Vi i administrasjonen har ikke ligget p\u00e5 latsiden. Vi er n\u00e5 [&hellip;]<\/p>\n","protected":false},"author":7,"featured_media":1320,"comment_status":"closed","ping_status":"closed","sticky":false,"template":"","format":"standard","meta":{"footnotes":""},"categories":[2],"tags":[],"class_list":["post-1318","post","type-post","status-publish","format-standard","has-post-thumbnail","hentry","category-aktuelt"],"_links":{"self":[{"href":"https:\/\/www.denkulturelleskolesekken.no\/lorenskog\/wp-json\/wp\/v2\/posts\/1318","targetHints":{"allow":["GET"]}}],"collection":[{"href":"https:\/\/www.denkulturelleskolesekken.no\/lorenskog\/wp-json\/wp\/v2\/posts"}],"about":[{"href":"https:\/\/www.denkulturelleskolesekken.no\/lorenskog\/wp-json\/wp\/v2\/types\/post"}],"author":[{"embeddable":true,"href":"https:\/\/www.denkulturelleskolesekken.no\/lorenskog\/wp-json\/wp\/v2\/users\/7"}],"replies":[{"embeddable":true,"href":"https:\/\/www.denkulturelleskolesekken.no\/lorenskog\/wp-json\/wp\/v2\/comments?post=1318"}],"version-history":[{"count":5,"href":"https:\/\/www.denkulturelleskolesekken.no\/lorenskog\/wp-json\/wp\/v2\/posts\/1318\/revisions"}],"predecessor-version":[{"id":1627,"href":"https:\/\/www.denkulturelleskolesekken.no\/lorenskog\/wp-json\/wp\/v2\/posts\/1318\/revisions\/1627"}],"wp:featuredmedia":[{"embeddable":true,"href":"https:\/\/www.denkulturelleskolesekken.no\/lorenskog\/wp-json\/wp\/v2\/media\/1320"}],"wp:attachment":[{"href":"https:\/\/www.denkulturelleskolesekken.no\/lorenskog\/wp-json\/wp\/v2\/media?parent=1318"}],"wp:term":[{"taxonomy":"category","embeddable":true,"href":"https:\/\/www.denkulturelleskolesekken.no\/lorenskog\/wp-json\/wp\/v2\/categories?post=1318"},{"taxonomy":"post_tag","embeddable":true,"href":"https:\/\/www.denkulturelleskolesekken.no\/lorenskog\/wp-json\/wp\/v2\/tags?post=1318"}],"curies":[{"name":"wp","href":"https:\/\/api.w.org\/{rel}","templated":true}]}}