{"id":1248,"date":"2021-06-17T13:42:00","date_gmt":"2021-06-17T13:42:00","guid":{"rendered":"https:\/\/www.denkulturelleskolesekken.no\/lorenskog\/?p=1248"},"modified":"2023-06-12T07:09:16","modified_gmt":"2023-06-12T07:09:16","slug":"program-for-barneskolene-2021-2022","status":"publish","type":"post","link":"https:\/\/www.denkulturelleskolesekken.no\/lorenskog\/2021\/06\/17\/program-for-barneskolene-2021-2022\/","title":{"rendered":"Program for barneskolene 2021-2022"},"content":{"rendered":"\n<p>Her f\u00e5r du noen smakspr\u00f8ver p\u00e5 det rikholdige DKS-programmet for barneskolene i L\u00f8renskog.<\/p>\n\n\n<div id=\"pl-gb1248-69f3a6617ba89\"  class=\"panel-layout\" ><div id=\"pg-gb1248-69f3a6617ba89-0\"  class=\"panel-grid panel-no-style\" ><div id=\"pgc-gb1248-69f3a6617ba89-0-0\"  class=\"panel-grid-cell\" ><div id=\"panel-gb1248-69f3a6617ba89-0-0-0\" class=\"so-panel widget widget_media_video panel-first-child panel-last-child\" data-index=\"0\" ><div style=\"width:100%;\" class=\"wp-video\"><!--[if lt IE 9]><script>document.createElement('video');<\/script><![endif]-->\n<video class=\"wp-video-shortcode\" id=\"video-1248-1\" preload=\"metadata\" controls=\"controls\"><source type=\"video\/vimeo\" src=\"https:\/\/vimeo.com\/564073259\/18258af3d0?loop=0&#038;_=1\" \/><a href=\"https:\/\/vimeo.com\/564073259\/18258af3d0?loop=0\">https:\/\/vimeo.com\/564073259\/18258af3d0?loop=0<\/a><\/video><\/div><\/div><\/div><\/div><\/div>\n\n\n<p> <\/p>\n\n\n\n<p><\/p>\n\n\n<div id=\"pl-gb1248-69f3a6617bebe\"  class=\"panel-layout\" ><div id=\"pg-gb1248-69f3a6617bebe-0\"  class=\"panel-grid panel-no-style\" ><div id=\"pgc-gb1248-69f3a6617bebe-0-0\"  class=\"panel-grid-cell\" ><div id=\"panel-gb1248-69f3a6617bebe-0-0-0\" class=\"so-panel widget widget_media_video panel-first-child panel-last-child\" data-index=\"0\" ><div style=\"width:100%;\" class=\"wp-video\"><video class=\"wp-video-shortcode\" id=\"video-1248-2\" preload=\"metadata\" controls=\"controls\"><source type=\"video\/vimeo\" src=\"https:\/\/vimeo.com\/564078662\/9dcd5cbc4a?loop=0&#038;_=2\" \/><a href=\"https:\/\/vimeo.com\/564078662\/9dcd5cbc4a?loop=0\">https:\/\/vimeo.com\/564078662\/9dcd5cbc4a?loop=0<\/a><\/video><\/div><\/div><\/div><\/div><\/div>\n\n\n<p><\/p>\n","protected":false},"excerpt":{"rendered":"<p>Her f\u00e5r du noen smakspr\u00f8ver p\u00e5 det rikholdige DKS-programmet for barneskolene i L\u00f8renskog.<\/p>\n","protected":false},"author":7,"featured_media":1253,"comment_status":"closed","ping_status":"closed","sticky":false,"template":"","format":"standard","meta":{"footnotes":""},"categories":[2],"tags":[],"class_list":["post-1248","post","type-post","status-publish","format-standard","has-post-thumbnail","hentry","category-aktuelt"],"_links":{"self":[{"href":"https:\/\/www.denkulturelleskolesekken.no\/lorenskog\/wp-json\/wp\/v2\/posts\/1248","targetHints":{"allow":["GET"]}}],"collection":[{"href":"https:\/\/www.denkulturelleskolesekken.no\/lorenskog\/wp-json\/wp\/v2\/posts"}],"about":[{"href":"https:\/\/www.denkulturelleskolesekken.no\/lorenskog\/wp-json\/wp\/v2\/types\/post"}],"author":[{"embeddable":true,"href":"https:\/\/www.denkulturelleskolesekken.no\/lorenskog\/wp-json\/wp\/v2\/users\/7"}],"replies":[{"embeddable":true,"href":"https:\/\/www.denkulturelleskolesekken.no\/lorenskog\/wp-json\/wp\/v2\/comments?post=1248"}],"version-history":[{"count":9,"href":"https:\/\/www.denkulturelleskolesekken.no\/lorenskog\/wp-json\/wp\/v2\/posts\/1248\/revisions"}],"predecessor-version":[{"id":1719,"href":"https:\/\/www.denkulturelleskolesekken.no\/lorenskog\/wp-json\/wp\/v2\/posts\/1248\/revisions\/1719"}],"wp:featuredmedia":[{"embeddable":true,"href":"https:\/\/www.denkulturelleskolesekken.no\/lorenskog\/wp-json\/wp\/v2\/media\/1253"}],"wp:attachment":[{"href":"https:\/\/www.denkulturelleskolesekken.no\/lorenskog\/wp-json\/wp\/v2\/media?parent=1248"}],"wp:term":[{"taxonomy":"category","embeddable":true,"href":"https:\/\/www.denkulturelleskolesekken.no\/lorenskog\/wp-json\/wp\/v2\/categories?post=1248"},{"taxonomy":"post_tag","embeddable":true,"href":"https:\/\/www.denkulturelleskolesekken.no\/lorenskog\/wp-json\/wp\/v2\/tags?post=1248"}],"curies":[{"name":"wp","href":"https:\/\/api.w.org\/{rel}","templated":true}]}}