{"id":1184,"date":"2021-06-14T16:24:28","date_gmt":"2021-06-14T16:24:28","guid":{"rendered":"https:\/\/www.denkulturelleskolesekken.no\/lorenskog\/?p=1184"},"modified":"2023-06-02T12:52:17","modified_gmt":"2023-06-02T12:52:17","slug":"semesteravslutning","status":"publish","type":"post","link":"https:\/\/www.denkulturelleskolesekken.no\/lorenskog\/2021\/06\/14\/semesteravslutning\/","title":{"rendered":"Semesteravslutning"},"content":{"rendered":"\n<p>Etter en vanskelig vinter og v\u00e5r med mange digitale produksjoner, utsettelser og avlysninger, kunne vi i juni endelig tilby fysiske kulturopplevelser til v\u00e5re elever igjen.<\/p>\n\n\n\n<h2 class=\"wp-block-heading\">Fritt fram<\/h2>\n\n\n\n<div class=\"wp-block-image\"><figure class=\"alignleft size-large is-resized\"><img loading=\"lazy\" decoding=\"async\" src=\"https:\/\/cdn.denkulturelleskolesekken.no\/lorenskog\/82dc505d-20210601_101646.jpg\" alt=\"Tre personer i en opptegnet sirkel p\u00e5 gulvet, den ene kvinnen balanserer p\u00e5 en stabel med klosser\" class=\"wp-image-1189\" width=\"375\" height=\"281\"\/><\/figure><\/div>\n\n\n\n<p><em>\u2013 Hvordan ser verden ut n\u00e5r vi st\u00e5r opp ned? Kan man bli for gammel for \u00e5 leke?<\/em><\/p>\n\n\n\n<p>I \u00abFritt fram\u00bb fikk 1. og 2. trinn m\u00f8te Tamar Ohana Goks\u00f8yr, Mari Dahl Stoknes og Trond Andr\u00e9  Hansen i fri akrobatisk utfoldelse. Alle tre artistene har bakgrunn i dans\/nysirkus. <\/p>\n\n\n\n<p>De utfordret b\u00e5de hverandre og rammene for kjente barneleker. De skapte leker som kunne fortsettes i det uendelige, og publikum ble invitert til \u00e5 leke med. <\/p>\n\n\n\n<h2 class=\"wp-block-heading\">Til alt ute<\/h2>\n\n\n\n<div class=\"wp-block-image\"><figure class=\"alignright size-large is-resized\"><img loading=\"lazy\" decoding=\"async\" src=\"https:\/\/cdn.denkulturelleskolesekken.no\/lorenskog\/c8e03f60-20210607_133159.jpg\" alt=\"To musikere\" class=\"wp-image-1213\" width=\"375\" height=\"281\"\/><\/figure><\/div>\n\n\n\n<p>Musikktilbudet ble hardt rammet av koronapandemien, men heldigvis fikk vi ogs\u00e5 gjennomf\u00f8rt en skolekonsert p\u00e5 tampen av \u00e5ret.<\/p>\n\n\n\n<p>Ungdomsskoleelevene fikk m\u00f8te duoen Fredrik H\u00f8yer og Bendik Baksaas. Den ene er poet, den andre er DJ. Sammen fremf\u00f8rer de rap og spoken word, house og techno. <\/p>\n\n\n\n<p>Det er ingen tvil om at dette slo godt an i m\u00e5lgruppa. <em>\u2013 Dette er det beste vi har f\u00e5tt fra Den kulturelle skolesekken!<\/em> sa en forn\u00f8yd elev.<\/p>\n\n\n\n<h2 class=\"wp-block-heading\">Det rasler i r\u00f8ysa<\/h2>\n\n\n\n<div class=\"wp-block-image\"><figure class=\"alignleft size-large is-resized\"><img loading=\"lazy\" decoding=\"async\" src=\"https:\/\/cdn.denkulturelleskolesekken.no\/lorenskog\/7ec05e11-roysa2021.jpg\" alt=\"En mann og en kvinne utkledd som jernaldermennesker i en bronsealderr\u00f8ys\" class=\"wp-image-1197\" width=\"375\" height=\"281\"\/><\/figure><\/div>\n\n\n\n<p>Hvert \u00e5r skjer det spennende ting i bronsealderr\u00f8ysene i Haneborg\u00e5sen.<\/p>\n\n\n\n<p>I det historiske spillet \u00abDet rasler i r\u00f8ysa\u00bb m\u00f8tte elevene B\u00f8lge og Storm (Lea Hiorth og Henrik Stoltz Vernegg) som gjennom en beretning spekket med dramatikk, tro, plantemedisin, sorg og kj\u00e6rlighet, ga et innblikk i hvordan virkeligheten kunne v\u00e6re i yngre jernalder. <\/p>\n\n\n\n<p>Bronsealderr\u00f8ysene er blant L\u00f8renskogs fremste kulturminner, og spillet er spesialskrevet for L\u00f8renskog av Finn Evensen.<\/p>\n\n\n\n<h2 class=\"wp-block-heading\">Fons Olavus Rex<\/h2>\n\n\n\n<div class=\"wp-block-image\"><figure class=\"alignright size-large is-resized\"><img loading=\"lazy\" decoding=\"async\" src=\"https:\/\/cdn.denkulturelleskolesekken.no\/lorenskog\/f1e2aee2-dsc00441.jpg\" alt=\"Kvinne utkledd som heks\" class=\"wp-image-1216\" width=\"375\" height=\"281\"\/><\/figure><\/div>\n\n\n\n<p>Et annet kjent kulturminne i L\u00f8renskog er Olavskilden. <\/p>\n\n\n\n<p>Forestillingen bygger p\u00e5 sagnet om Olavskildens virkning, og&nbsp;den beskriver et m\u00f8te mellom to munker, en jeger og en heks\/hulder.&nbsp;Disse representerer hver sin trosretning (kristendom, \u00e5satro og folketro). Den dramatiske handlingen utspiller&nbsp;seg p\u00e5 1200-tallet, i skj\u00e6ringspunktet mellom disse trosretningene.&nbsp;<\/p>\n\n\n\n<p>Forestillingen er skrevet av Finn Evensen, og den ble revidert i 2020. I rollene: Mads L\u00f8nnkvist, Morten Mortensen, Karoline Gullberg og Finn Evensen.<\/p>\n\n\n\n<p><em>Fotografier: Mads, Morten, Finn og Karoline i Fons Olavus Rex (foto: Siri Adorsen), Fritt fram (foto: Kjersti \u00d8stnes Eggum), Til alt ute (foto: Eggum), Det rasler i r\u00f8ysa (foto: Eggum) og Fons Olavus Rex (foto: Adorsen)<\/em><\/p>\n","protected":false},"excerpt":{"rendered":"<p>Etter en vanskelig vinter og v\u00e5r med mange digitale produksjoner, utsettelser og avlysninger, kunne vi i juni endelig tilby fysiske kulturopplevelser til v\u00e5re elever igjen. Fritt fram \u2013 Hvordan ser verden ut n\u00e5r vi st\u00e5r opp ned? Kan man bli for gammel for \u00e5 leke? I \u00abFritt fram\u00bb fikk 1. og 2. trinn m\u00f8te Tamar [&hellip;]<\/p>\n","protected":false},"author":7,"featured_media":1188,"comment_status":"closed","ping_status":"closed","sticky":false,"template":"","format":"standard","meta":{"footnotes":""},"categories":[2],"tags":[],"class_list":["post-1184","post","type-post","status-publish","format-standard","has-post-thumbnail","hentry","category-aktuelt"],"_links":{"self":[{"href":"https:\/\/www.denkulturelleskolesekken.no\/lorenskog\/wp-json\/wp\/v2\/posts\/1184","targetHints":{"allow":["GET"]}}],"collection":[{"href":"https:\/\/www.denkulturelleskolesekken.no\/lorenskog\/wp-json\/wp\/v2\/posts"}],"about":[{"href":"https:\/\/www.denkulturelleskolesekken.no\/lorenskog\/wp-json\/wp\/v2\/types\/post"}],"author":[{"embeddable":true,"href":"https:\/\/www.denkulturelleskolesekken.no\/lorenskog\/wp-json\/wp\/v2\/users\/7"}],"replies":[{"embeddable":true,"href":"https:\/\/www.denkulturelleskolesekken.no\/lorenskog\/wp-json\/wp\/v2\/comments?post=1184"}],"version-history":[{"count":51,"href":"https:\/\/www.denkulturelleskolesekken.no\/lorenskog\/wp-json\/wp\/v2\/posts\/1184\/revisions"}],"predecessor-version":[{"id":1691,"href":"https:\/\/www.denkulturelleskolesekken.no\/lorenskog\/wp-json\/wp\/v2\/posts\/1184\/revisions\/1691"}],"wp:featuredmedia":[{"embeddable":true,"href":"https:\/\/www.denkulturelleskolesekken.no\/lorenskog\/wp-json\/wp\/v2\/media\/1188"}],"wp:attachment":[{"href":"https:\/\/www.denkulturelleskolesekken.no\/lorenskog\/wp-json\/wp\/v2\/media?parent=1184"}],"wp:term":[{"taxonomy":"category","embeddable":true,"href":"https:\/\/www.denkulturelleskolesekken.no\/lorenskog\/wp-json\/wp\/v2\/categories?post=1184"},{"taxonomy":"post_tag","embeddable":true,"href":"https:\/\/www.denkulturelleskolesekken.no\/lorenskog\/wp-json\/wp\/v2\/tags?post=1184"}],"curies":[{"name":"wp","href":"https:\/\/api.w.org\/{rel}","templated":true}]}}