{"id":1136,"date":"2021-03-25T15:39:56","date_gmt":"2021-03-25T15:39:56","guid":{"rendered":"https:\/\/www.denkulturelleskolesekken.no\/lorenskog\/?p=1136"},"modified":"2021-05-12T14:59:08","modified_gmt":"2021-05-12T14:59:08","slug":"nominasjon-i-amandusfestivalen","status":"publish","type":"post","link":"https:\/\/www.denkulturelleskolesekken.no\/lorenskog\/2021\/03\/25\/nominasjon-i-amandusfestivalen\/","title":{"rendered":"Nominasjon i Amandusfestivalen!"},"content":{"rendered":"\n<p>Hurra! Tegnefilmen \u00abSee Me\u00bb, skapt av ungdommer fra L\u00f8renskog, er  nominert i klassen Amandus Junior 2 under Amandusfestivalen! Ungdommene skal delta i paneldebatt torsdag i forbindelse med visning av filmen, og fredag 26. mars blir vinnerne k\u00e5ret.<\/p>\n\n\n\n<p>Vi er superstolte av tegnerne Kristian Ingason, Dominika Leszczynska, Monna Synn\u00f8ve Jansdatter Blad, Amalie Lillo Wefring og Benedicte Skaali Madsen og Maiken Skretting (sang) Ada Solveig Helena Amundsen (cello) med instrukt\u00f8r og animat\u00f8r Linda Fagerli S\u00e6thren.<\/p>\n\n\n\n<p>Filmen ble laget i fjor\u00e5rets samarbeidsprosjekt mellom alle ungdomsskolene, kulturskolen, DKS, kulturhuset L\u00f8renskog hus og L\u00f8renskog kommune for \u00f8vrig &#8211; forestillingen \u00abThis is me\u00bb med temaet folkehelse og livsmestring.<\/p>\n\n\n\n<p><\/p>\n","protected":false},"excerpt":{"rendered":"<p>Hurra! Tegnefilmen \u00abSee Me\u00bb, skapt av ungdommer fra L\u00f8renskog, er nominert i klassen Amandus Junior 2 under Amandusfestivalen! Ungdommene skal delta i paneldebatt torsdag i forbindelse med visning av filmen, og fredag 26. mars blir vinnerne k\u00e5ret. Vi er superstolte av tegnerne Kristian Ingason, Dominika Leszczynska, Monna Synn\u00f8ve Jansdatter Blad, Amalie Lillo Wefring og Benedicte [&hellip;]<\/p>\n","protected":false},"author":7,"featured_media":1176,"comment_status":"closed","ping_status":"closed","sticky":false,"template":"custom-template-without-text-on-image-page.php","format":"standard","meta":{"footnotes":""},"categories":[2],"tags":[],"class_list":["post-1136","post","type-post","status-publish","format-standard","has-post-thumbnail","hentry","category-aktuelt"],"_links":{"self":[{"href":"https:\/\/www.denkulturelleskolesekken.no\/lorenskog\/wp-json\/wp\/v2\/posts\/1136","targetHints":{"allow":["GET"]}}],"collection":[{"href":"https:\/\/www.denkulturelleskolesekken.no\/lorenskog\/wp-json\/wp\/v2\/posts"}],"about":[{"href":"https:\/\/www.denkulturelleskolesekken.no\/lorenskog\/wp-json\/wp\/v2\/types\/post"}],"author":[{"embeddable":true,"href":"https:\/\/www.denkulturelleskolesekken.no\/lorenskog\/wp-json\/wp\/v2\/users\/7"}],"replies":[{"embeddable":true,"href":"https:\/\/www.denkulturelleskolesekken.no\/lorenskog\/wp-json\/wp\/v2\/comments?post=1136"}],"version-history":[{"count":11,"href":"https:\/\/www.denkulturelleskolesekken.no\/lorenskog\/wp-json\/wp\/v2\/posts\/1136\/revisions"}],"predecessor-version":[{"id":1148,"href":"https:\/\/www.denkulturelleskolesekken.no\/lorenskog\/wp-json\/wp\/v2\/posts\/1136\/revisions\/1148"}],"wp:featuredmedia":[{"embeddable":true,"href":"https:\/\/www.denkulturelleskolesekken.no\/lorenskog\/wp-json\/wp\/v2\/media\/1176"}],"wp:attachment":[{"href":"https:\/\/www.denkulturelleskolesekken.no\/lorenskog\/wp-json\/wp\/v2\/media?parent=1136"}],"wp:term":[{"taxonomy":"category","embeddable":true,"href":"https:\/\/www.denkulturelleskolesekken.no\/lorenskog\/wp-json\/wp\/v2\/categories?post=1136"},{"taxonomy":"post_tag","embeddable":true,"href":"https:\/\/www.denkulturelleskolesekken.no\/lorenskog\/wp-json\/wp\/v2\/tags?post=1136"}],"curies":[{"name":"wp","href":"https:\/\/api.w.org\/{rel}","templated":true}]}}