{"id":1103,"date":"2021-01-25T11:22:13","date_gmt":"2021-01-25T11:22:13","guid":{"rendered":"https:\/\/www.denkulturelleskolesekken.no\/lorenskog\/?p=1103"},"modified":"2023-06-12T07:10:37","modified_gmt":"2023-06-12T07:10:37","slug":"prosjekt-dks-skole","status":"publish","type":"post","link":"https:\/\/www.denkulturelleskolesekken.no\/lorenskog\/2021\/01\/25\/prosjekt-dks-skole\/","title":{"rendered":"Prosjekt DKS-skole"},"content":{"rendered":"\n<p>Prosjekt DKS-skole er en pilot gjennomf\u00f8rt av samarbeidspartene L\u00f8renskog og B\u00e6rum kommuner, Kulturtanken og Nasjonalt senter for kultur i oppl\u00e6ringen.<\/p>\n\n\n\n<p>L\u00f8renskog har det siste \u00e5ret deltatt i piloten, som skal finne frem til gode forslag for \u00e5 forbedre kulturkontaktens og l\u00e6rerens eierskap til Den kulturelle skolesekken.<\/p>\n\n\n\n<p><a rel=\"noreferrer noopener\" href=\"https:\/\/www.kulturtanken.no\/prosjekt\/dks-skole\/\" data-type=\"URL\" data-id=\"https:\/\/www.kulturtanken.no\/prosjekt\/dks-skole\/\" target=\"_blank\">Rapporten fra pilotprosjektet kan du lese p\u00e5 hjemmesiden til Kulturtanken.<\/a><\/p>\n\n\n\n<p>Vi har gjennomf\u00f8rt en sp\u00f8rreunders\u00f8kelse og samarbeidet med tre skoler i en lokal pilot. To av skolene har deltatt i en nasjonal arbeidsgruppe med samme problemstilling.<\/p>\n\n\n\n<p>Funn fra arbeidet har bl.a. resultert i korte informasjonsvideoer p\u00e5 v\u00e5r hjemmeside for at l\u00e6rere og elever skal f\u00e5 rask tilgang til informasjon. I tillegg har fokus p\u00e5 fagfornyelsen styrket samarbeidet med skolene i kommunen.<\/p>\n\n\n\n<h2 class=\"wp-block-heading\">Informasjonsvideo<\/h2>\n\n\n\n<p>En viktig funksjon i systemet er kulturkontaktene p\u00e5 skolene og hvordan disse legger til rette, informerer og holder i vertskapsrollen for den enkelte skolen. DKS L\u00f8renskog har derfor sammen med forteller Marianne Sundal f\u00e5tt laget en informasjonsvideo som beskriver kulturkontaktenes oppgaver. <\/p>\n\n\n<div id=\"pl-gb1103-69f3a54af05fe\"  class=\"panel-layout\" ><div id=\"pg-gb1103-69f3a54af05fe-0\"  class=\"panel-grid panel-no-style\" ><div id=\"pgc-gb1103-69f3a54af05fe-0-0\"  class=\"panel-grid-cell\" ><div id=\"panel-gb1103-69f3a54af05fe-0-0-0\" class=\"so-panel widget widget_media_video panel-first-child panel-last-child\" data-index=\"0\" ><div style=\"width:100%;\" class=\"wp-video\"><!--[if lt IE 9]><script>document.createElement('video');<\/script><![endif]-->\n<video class=\"wp-video-shortcode\" id=\"video-1103-1\" preload=\"metadata\" controls=\"controls\"><source type=\"video\/vimeo\" src=\"https:\/\/vimeo.com\/503207868\/b7839ffbd9?loop=0&#038;_=1\" \/><a href=\"https:\/\/vimeo.com\/503207868\/b7839ffbd9?loop=0\">https:\/\/vimeo.com\/503207868\/b7839ffbd9?loop=0<\/a><\/video><\/div><\/div><\/div><\/div><\/div>\n\n\n<p> <\/p>\n","protected":false},"excerpt":{"rendered":"<p>Prosjekt DKS-skole er en pilot gjennomf\u00f8rt av samarbeidspartene L\u00f8renskog og B\u00e6rum kommuner, Kulturtanken og Nasjonalt senter for kultur i oppl\u00e6ringen. L\u00f8renskog har det siste \u00e5ret deltatt i piloten, som skal finne frem til gode forslag for \u00e5 forbedre kulturkontaktens og l\u00e6rerens eierskap til Den kulturelle skolesekken. Rapporten fra pilotprosjektet kan du lese p\u00e5 hjemmesiden til [&hellip;]<\/p>\n","protected":false},"author":7,"featured_media":1280,"comment_status":"closed","ping_status":"closed","sticky":false,"template":"","format":"standard","meta":{"footnotes":""},"categories":[2],"tags":[],"class_list":["post-1103","post","type-post","status-publish","format-standard","has-post-thumbnail","hentry","category-aktuelt"],"_links":{"self":[{"href":"https:\/\/www.denkulturelleskolesekken.no\/lorenskog\/wp-json\/wp\/v2\/posts\/1103","targetHints":{"allow":["GET"]}}],"collection":[{"href":"https:\/\/www.denkulturelleskolesekken.no\/lorenskog\/wp-json\/wp\/v2\/posts"}],"about":[{"href":"https:\/\/www.denkulturelleskolesekken.no\/lorenskog\/wp-json\/wp\/v2\/types\/post"}],"author":[{"embeddable":true,"href":"https:\/\/www.denkulturelleskolesekken.no\/lorenskog\/wp-json\/wp\/v2\/users\/7"}],"replies":[{"embeddable":true,"href":"https:\/\/www.denkulturelleskolesekken.no\/lorenskog\/wp-json\/wp\/v2\/comments?post=1103"}],"version-history":[{"count":13,"href":"https:\/\/www.denkulturelleskolesekken.no\/lorenskog\/wp-json\/wp\/v2\/posts\/1103\/revisions"}],"predecessor-version":[{"id":1721,"href":"https:\/\/www.denkulturelleskolesekken.no\/lorenskog\/wp-json\/wp\/v2\/posts\/1103\/revisions\/1721"}],"wp:featuredmedia":[{"embeddable":true,"href":"https:\/\/www.denkulturelleskolesekken.no\/lorenskog\/wp-json\/wp\/v2\/media\/1280"}],"wp:attachment":[{"href":"https:\/\/www.denkulturelleskolesekken.no\/lorenskog\/wp-json\/wp\/v2\/media?parent=1103"}],"wp:term":[{"taxonomy":"category","embeddable":true,"href":"https:\/\/www.denkulturelleskolesekken.no\/lorenskog\/wp-json\/wp\/v2\/categories?post=1103"},{"taxonomy":"post_tag","embeddable":true,"href":"https:\/\/www.denkulturelleskolesekken.no\/lorenskog\/wp-json\/wp\/v2\/tags?post=1103"}],"curies":[{"name":"wp","href":"https:\/\/api.w.org\/{rel}","templated":true}]}}