{"id":1093,"date":"2020-12-18T11:48:36","date_gmt":"2020-12-18T11:48:36","guid":{"rendered":"https:\/\/www.denkulturelleskolesekken.no\/lorenskog\/?p=1093"},"modified":"2021-05-12T15:05:22","modified_gmt":"2021-05-12T15:05:22","slug":"god-jul-fra-dks-lorenskog","status":"publish","type":"post","link":"https:\/\/www.denkulturelleskolesekken.no\/lorenskog\/2020\/12\/18\/god-jul-fra-dks-lorenskog\/","title":{"rendered":"God jul fra DKS L\u00f8renskog"},"content":{"rendered":"\n<p>Vi \u00f8nsker alle en riktig god jul og et godt nytt \u00e5r! <\/p>\n\n\n\n<p>Vi \u00f8nsker \u00e5 takke alle elever og ansatte ved skolene og alle ut\u00f8verne for godt samarbeid og vilje til tilpasninger i et vanskelig \u00e5r.  DKS-programmet fra mars til sommerferien m\u00e5tte avlyses. Heldigvis har h\u00f8stprogrammet latt seg gjennomf\u00f8re i en eller annen form, selv om noe m\u00e5tte digitaliseres og antall publikummere m\u00e5tte reduseres. Vi \u00f8nsker \u00e5 takke kulturhuset for godt samarbeid ved str\u00f8mming og filming av forestillinger.<\/p>\n\n\n\n<p>DKS L\u00f8renskog har ogs\u00e5 hatt et godt samarbeid med Kulturtanken dette \u00e5ret, og vi har deltatt i et pilotprosjekt om DKS og skole hvor det fokuseres p\u00e5 tilpasning til fagfornyelsen og bedret dialog mellom DKS og skolene. I den forbindelse er det produsert en hel del filmer for skolene.<\/p>\n\n\n\n<p>Vi har l\u00e6rt mye om digitale l\u00f8sninger dette \u00e5ret, noe som vil komme DKS til gode ogs\u00e5 i fremtiden.<\/p>\n\n\n\n<p>Vi jobber videre med \u00e5 tilpasse DKS-programmet i 2021. Vi h\u00e5per selvsagt at det vil bli mulig med flere fysiske forestillinger og kunstnerm\u00f8ter. Uansett skal elevene f\u00e5 et godt og smittesikkert tilbud.<\/p>\n\n\n\n<p>Julehilsen fra Kjersti, Tuva og Siri, DKS L\u00f8renskog<\/p>\n","protected":false},"excerpt":{"rendered":"<p>Vi \u00f8nsker alle en riktig god jul og et godt nytt \u00e5r! Vi \u00f8nsker \u00e5 takke alle elever og ansatte ved skolene og alle ut\u00f8verne for godt samarbeid og vilje til tilpasninger i et vanskelig \u00e5r. DKS-programmet fra mars til sommerferien m\u00e5tte avlyses. Heldigvis har h\u00f8stprogrammet latt seg gjennomf\u00f8re i en eller annen form, selv [&hellip;]<\/p>\n","protected":false},"author":7,"featured_media":1177,"comment_status":"closed","ping_status":"closed","sticky":false,"template":"custom-template-without-text-on-image-page.php","format":"standard","meta":{"footnotes":""},"categories":[2],"tags":[],"class_list":["post-1093","post","type-post","status-publish","format-standard","has-post-thumbnail","hentry","category-aktuelt"],"_links":{"self":[{"href":"https:\/\/www.denkulturelleskolesekken.no\/lorenskog\/wp-json\/wp\/v2\/posts\/1093","targetHints":{"allow":["GET"]}}],"collection":[{"href":"https:\/\/www.denkulturelleskolesekken.no\/lorenskog\/wp-json\/wp\/v2\/posts"}],"about":[{"href":"https:\/\/www.denkulturelleskolesekken.no\/lorenskog\/wp-json\/wp\/v2\/types\/post"}],"author":[{"embeddable":true,"href":"https:\/\/www.denkulturelleskolesekken.no\/lorenskog\/wp-json\/wp\/v2\/users\/7"}],"replies":[{"embeddable":true,"href":"https:\/\/www.denkulturelleskolesekken.no\/lorenskog\/wp-json\/wp\/v2\/comments?post=1093"}],"version-history":[{"count":6,"href":"https:\/\/www.denkulturelleskolesekken.no\/lorenskog\/wp-json\/wp\/v2\/posts\/1093\/revisions"}],"predecessor-version":[{"id":1100,"href":"https:\/\/www.denkulturelleskolesekken.no\/lorenskog\/wp-json\/wp\/v2\/posts\/1093\/revisions\/1100"}],"wp:featuredmedia":[{"embeddable":true,"href":"https:\/\/www.denkulturelleskolesekken.no\/lorenskog\/wp-json\/wp\/v2\/media\/1177"}],"wp:attachment":[{"href":"https:\/\/www.denkulturelleskolesekken.no\/lorenskog\/wp-json\/wp\/v2\/media?parent=1093"}],"wp:term":[{"taxonomy":"category","embeddable":true,"href":"https:\/\/www.denkulturelleskolesekken.no\/lorenskog\/wp-json\/wp\/v2\/categories?post=1093"},{"taxonomy":"post_tag","embeddable":true,"href":"https:\/\/www.denkulturelleskolesekken.no\/lorenskog\/wp-json\/wp\/v2\/tags?post=1093"}],"curies":[{"name":"wp","href":"https:\/\/api.w.org\/{rel}","templated":true}]}}