{"id":1089,"date":"2020-12-16T13:26:11","date_gmt":"2020-12-16T13:26:11","guid":{"rendered":"https:\/\/www.denkulturelleskolesekken.no\/lorenskog\/?p=1089"},"modified":"2023-01-23T15:43:35","modified_gmt":"2023-01-23T15:43:35","slug":"dyrenes-karneval-med-romerike-sinfonietta","status":"publish","type":"post","link":"https:\/\/www.denkulturelleskolesekken.no\/lorenskog\/2020\/12\/16\/dyrenes-karneval-med-romerike-sinfonietta\/","title":{"rendered":"Dyrenes karneval med Romerike Sinfonietta"},"content":{"rendered":"\n<p>Endelig fikk vi det til, og for et resultat!<\/p>\n\n\n\n<p>I nesten to \u00e5r har vi planlagt gjennomf\u00f8ringen av \u00abDyrenes karneval\u00bb av Camille Saint-Sa\u00ebns med Romerike Sinfonietta. Koronasituasjonen gjorde at forestillingen f\u00f8rst ble utsatt fra mai til september og til slutt til desember. Vi skulle ha gjennomf\u00f8rt seks konserter i storstua for 2. og 3. trinn i L\u00f8renskog, men dette fikk vi dessverre ikke gjennomf\u00f8rt p\u00e5 grunn av smitteverntilpasninger. Isteden f\u00e5r vi et str\u00e5lende opptak av forestillingen som skal sendes alle barneskoler i Viken, og til 2. og 3. trinn i L\u00f8renskog.<\/p>\n\n\n\n<p>Vi \u00f8nsker \u00e5 rette en stor takk til dirigent Jon Terje Svendsen som p\u00e5 kort varsel steppet inn og ledet orkesteret til en vellykket gjennomf\u00f8ring. Marianne Sundal fremf\u00f8rte tekst hun selv og Finn Evensen har laget til hver sats, og skapte magi sammen med de fantastiske musikerne i orkesteret! Morten Mortensen (fl\u00f8yte og ildsjel for opprettelse av orkesteret), Benedikte Andreassen (klarinett), Magne Askeland (fiolin 1), Cathrine S\u00f8ndberg (fiolin 2), Kristin Vestvik (bratsj), Tine Johnsgaard (cello), Ingunn Tenn\u00f8 (piano 1), Kristin Brynjulvsrud (piano 2), Erlend Skei (kontrabass), Morten Belstad (xylofon\/klokkespill).<\/p>\n\n\n\n<p>Resultatet blir magisk og s\u00e6rdeles vellykket ogs\u00e5 takket v\u00e6re dyktige teknikere i L\u00f8renskog hus som s\u00f8rget for lys\/lyd og kameraf\u00f8ring p\u00e5 en str\u00e5lende m\u00e5te! Takk til Amund T\u00f8mmerbakke (lyd) Kristoffer Engen (kamera) og Marita Storheim (lys).<\/p>\n\n\n\n<p>Vi gleder oss til \u00e5 dele opptaket med alle og h\u00e5per barna p\u00e5 barneskolene vil kle seg ut &#8211; som p\u00e5 karneval &#8211; ta med kosedyrene sine og f\u00e5 en super konsertopplevelse i klasserommene sine!<\/p>\n\n\n\n<p>Konserten er st\u00f8ttet av DKS Viken gjennom myldremidler, en st\u00f8tteordning for interkommunalt samarbeid.<\/p>\n","protected":false},"excerpt":{"rendered":"<p>Endelig fikk vi det til, og for et resultat! I nesten to \u00e5r har vi planlagt gjennomf\u00f8ringen av \u00abDyrenes karneval\u00bb av Camille Saint-Sa\u00ebns med Romerike Sinfonietta. Koronasituasjonen gjorde at forestillingen f\u00f8rst ble utsatt fra mai til september og til slutt til desember. Vi skulle ha gjennomf\u00f8rt seks konserter i storstua for 2. og 3. trinn [&hellip;]<\/p>\n","protected":false},"author":7,"featured_media":1178,"comment_status":"closed","ping_status":"closed","sticky":false,"template":"","format":"standard","meta":{"footnotes":""},"categories":[2],"tags":[],"class_list":["post-1089","post","type-post","status-publish","format-standard","has-post-thumbnail","hentry","category-aktuelt"],"_links":{"self":[{"href":"https:\/\/www.denkulturelleskolesekken.no\/lorenskog\/wp-json\/wp\/v2\/posts\/1089","targetHints":{"allow":["GET"]}}],"collection":[{"href":"https:\/\/www.denkulturelleskolesekken.no\/lorenskog\/wp-json\/wp\/v2\/posts"}],"about":[{"href":"https:\/\/www.denkulturelleskolesekken.no\/lorenskog\/wp-json\/wp\/v2\/types\/post"}],"author":[{"embeddable":true,"href":"https:\/\/www.denkulturelleskolesekken.no\/lorenskog\/wp-json\/wp\/v2\/users\/7"}],"replies":[{"embeddable":true,"href":"https:\/\/www.denkulturelleskolesekken.no\/lorenskog\/wp-json\/wp\/v2\/comments?post=1089"}],"version-history":[{"count":3,"href":"https:\/\/www.denkulturelleskolesekken.no\/lorenskog\/wp-json\/wp\/v2\/posts\/1089\/revisions"}],"predecessor-version":[{"id":1628,"href":"https:\/\/www.denkulturelleskolesekken.no\/lorenskog\/wp-json\/wp\/v2\/posts\/1089\/revisions\/1628"}],"wp:featuredmedia":[{"embeddable":true,"href":"https:\/\/www.denkulturelleskolesekken.no\/lorenskog\/wp-json\/wp\/v2\/media\/1178"}],"wp:attachment":[{"href":"https:\/\/www.denkulturelleskolesekken.no\/lorenskog\/wp-json\/wp\/v2\/media?parent=1089"}],"wp:term":[{"taxonomy":"category","embeddable":true,"href":"https:\/\/www.denkulturelleskolesekken.no\/lorenskog\/wp-json\/wp\/v2\/categories?post=1089"},{"taxonomy":"post_tag","embeddable":true,"href":"https:\/\/www.denkulturelleskolesekken.no\/lorenskog\/wp-json\/wp\/v2\/tags?post=1089"}],"curies":[{"name":"wp","href":"https:\/\/api.w.org\/{rel}","templated":true}]}}