{"id":1058,"date":"2020-11-13T14:51:23","date_gmt":"2020-11-13T14:51:23","guid":{"rendered":"https:\/\/www.denkulturelleskolesekken.no\/lorenskog\/?p=1058"},"modified":"2021-05-12T15:11:41","modified_gmt":"2021-05-12T15:11:41","slug":"ingen-avlysninger-men-mange-tilpasninger","status":"publish","type":"post","link":"https:\/\/www.denkulturelleskolesekken.no\/lorenskog\/2020\/11\/13\/ingen-avlysninger-men-mange-tilpasninger\/","title":{"rendered":"Ingen avlysninger, men mange tilpasninger"},"content":{"rendered":"\n<p>Det er mye koronasmitte i samfunnet, og L\u00f8renskog kommune har innf\u00f8rt strenge tiltak med flere nedstengninger. Skolene er imidlertid fortsatt i drift, og det er ogs\u00e5 Den kulturelle skolesekken.<\/p>\n\n\n\n<p>S\u00e5 langt har vi unng\u00e5tt \u00e5 avlyse noen produksjoner. Tre av turneene har blitt satt p\u00e5 pause og vil etter planen bli fullf\u00f8rt p\u00e5 ny\u00e5ret. De produksjonene som gjennomf\u00f8res i november og desember, har vi ved behov justert ytterligere og redusert antall elever per hendelse. <\/p>\n\n\n\n<p>Det blir laget digitale l\u00f8sninger av fire av produksjonene. Dermed kan ogs\u00e5 de elevene som ikke f\u00e5r oppleve forestillingen i salen, likevel f\u00e5 et tilbud fra DKS. Vi er s\u00e6rlig spente p\u00e5 forestillingen \u00abDyrenes karneval\u00bb. Digitalutgaven av denne produksjonen skal distribueres til hele Viken.<\/p>\n\n\n\n<p><\/p>\n\n\n\n<p><\/p>\n","protected":false},"excerpt":{"rendered":"<p>Det er mye koronasmitte i samfunnet, og L\u00f8renskog kommune har innf\u00f8rt strenge tiltak med flere nedstengninger. Skolene er imidlertid fortsatt i drift, og det er ogs\u00e5 Den kulturelle skolesekken. S\u00e5 langt har vi unng\u00e5tt \u00e5 avlyse noen produksjoner. Tre av turneene har blitt satt p\u00e5 pause og vil etter planen bli fullf\u00f8rt p\u00e5 ny\u00e5ret. De [&hellip;]<\/p>\n","protected":false},"author":7,"featured_media":1179,"comment_status":"closed","ping_status":"closed","sticky":false,"template":"custom-template-without-text-on-image-page.php","format":"standard","meta":{"footnotes":""},"categories":[2],"tags":[],"class_list":["post-1058","post","type-post","status-publish","format-standard","has-post-thumbnail","hentry","category-aktuelt"],"_links":{"self":[{"href":"https:\/\/www.denkulturelleskolesekken.no\/lorenskog\/wp-json\/wp\/v2\/posts\/1058","targetHints":{"allow":["GET"]}}],"collection":[{"href":"https:\/\/www.denkulturelleskolesekken.no\/lorenskog\/wp-json\/wp\/v2\/posts"}],"about":[{"href":"https:\/\/www.denkulturelleskolesekken.no\/lorenskog\/wp-json\/wp\/v2\/types\/post"}],"author":[{"embeddable":true,"href":"https:\/\/www.denkulturelleskolesekken.no\/lorenskog\/wp-json\/wp\/v2\/users\/7"}],"replies":[{"embeddable":true,"href":"https:\/\/www.denkulturelleskolesekken.no\/lorenskog\/wp-json\/wp\/v2\/comments?post=1058"}],"version-history":[{"count":9,"href":"https:\/\/www.denkulturelleskolesekken.no\/lorenskog\/wp-json\/wp\/v2\/posts\/1058\/revisions"}],"predecessor-version":[{"id":1071,"href":"https:\/\/www.denkulturelleskolesekken.no\/lorenskog\/wp-json\/wp\/v2\/posts\/1058\/revisions\/1071"}],"wp:featuredmedia":[{"embeddable":true,"href":"https:\/\/www.denkulturelleskolesekken.no\/lorenskog\/wp-json\/wp\/v2\/media\/1179"}],"wp:attachment":[{"href":"https:\/\/www.denkulturelleskolesekken.no\/lorenskog\/wp-json\/wp\/v2\/media?parent=1058"}],"wp:term":[{"taxonomy":"category","embeddable":true,"href":"https:\/\/www.denkulturelleskolesekken.no\/lorenskog\/wp-json\/wp\/v2\/categories?post=1058"},{"taxonomy":"post_tag","embeddable":true,"href":"https:\/\/www.denkulturelleskolesekken.no\/lorenskog\/wp-json\/wp\/v2\/tags?post=1058"}],"curies":[{"name":"wp","href":"https:\/\/api.w.org\/{rel}","templated":true}]}}