{"id":1041,"date":"2020-10-12T13:19:10","date_gmt":"2020-10-12T13:19:10","guid":{"rendered":"https:\/\/www.denkulturelleskolesekken.no\/lorenskog\/?p=1041"},"modified":"2021-05-12T15:15:10","modified_gmt":"2021-05-12T15:15:10","slug":"rapport-fra-2019-2020","status":"publish","type":"post","link":"https:\/\/www.denkulturelleskolesekken.no\/lorenskog\/2020\/10\/12\/rapport-fra-2019-2020\/","title":{"rendered":"Rapport fra 2019\u20132020"},"content":{"rendered":"\n<p>Skole\u00e5ret 2019-2020 ble et annerledes skole\u00e5r da hele Norge stengte mars 2020 p\u00e5 grunn av covid-19. Vi ble n\u00f8dt til \u00e5 avlyse hele programmet fram til sommerferien.<\/p>\n\n\n\n<p>Likevel var det mye som skjedde dette skole\u00e5ret. Alle produksjoner frem til mars ble gjennomf\u00f8rt. DKS L\u00f8renskog deltok i pilotprosjekter for \u00e5 styrke DKS&#8217; forankringen i skolen. Det ble utviklet nye produksjoner. Det ble gjennomf\u00f8rt et stort samarbeidsprosjekt som endte i forestillingen <em>This is me<\/em> \u2013 med 130 ungdommer p\u00e5 scenen og som ble vist for 7.\u201310. trinn. Det har ogs\u00e5 blitt utviklet en ny portal for s\u00f8knader til DKS, saksbehandlingssystem, turn\u00e9legging og nye nettsider.<\/p>\n\n\n\n<p>Her kan du lese en fyldig rapport om dette skole\u00e5ret:<\/p>\n\n\n\n<div class=\"wp-block-file\"><a href=\"https:\/\/cdn.denkulturelleskolesekken.no\/lorenskog\/714d3f98-rapport-for-den-kulturelle-skolesekken-2019-2020.pdf\" target=\"_blank\" rel=\"noreferrer noopener\">Rapport for Den kulturelle skolesekken i L\u00f8renskog 2019-2020<\/a><a href=\"https:\/\/cdn.denkulturelleskolesekken.no\/lorenskog\/714d3f98-rapport-for-den-kulturelle-skolesekken-2019-2020.pdf\" class=\"wp-block-file__button\" download>Download<\/a><\/div>\n\n\n\n<p><\/p>\n","protected":false},"excerpt":{"rendered":"<p>Skole\u00e5ret 2019-2020 ble et annerledes skole\u00e5r da hele Norge stengte mars 2020 p\u00e5 grunn av covid-19. Vi ble n\u00f8dt til \u00e5 avlyse hele programmet fram til sommerferien. Likevel var det mye som skjedde dette skole\u00e5ret. Alle produksjoner frem til mars ble gjennomf\u00f8rt. DKS L\u00f8renskog deltok i pilotprosjekter for \u00e5 styrke DKS&#8217; forankringen i skolen. Det [&hellip;]<\/p>\n","protected":false},"author":7,"featured_media":1180,"comment_status":"closed","ping_status":"closed","sticky":false,"template":"custom-template-without-text-on-image-page.php","format":"standard","meta":{"footnotes":""},"categories":[2],"tags":[],"class_list":["post-1041","post","type-post","status-publish","format-standard","has-post-thumbnail","hentry","category-aktuelt"],"_links":{"self":[{"href":"https:\/\/www.denkulturelleskolesekken.no\/lorenskog\/wp-json\/wp\/v2\/posts\/1041","targetHints":{"allow":["GET"]}}],"collection":[{"href":"https:\/\/www.denkulturelleskolesekken.no\/lorenskog\/wp-json\/wp\/v2\/posts"}],"about":[{"href":"https:\/\/www.denkulturelleskolesekken.no\/lorenskog\/wp-json\/wp\/v2\/types\/post"}],"author":[{"embeddable":true,"href":"https:\/\/www.denkulturelleskolesekken.no\/lorenskog\/wp-json\/wp\/v2\/users\/7"}],"replies":[{"embeddable":true,"href":"https:\/\/www.denkulturelleskolesekken.no\/lorenskog\/wp-json\/wp\/v2\/comments?post=1041"}],"version-history":[{"count":9,"href":"https:\/\/www.denkulturelleskolesekken.no\/lorenskog\/wp-json\/wp\/v2\/posts\/1041\/revisions"}],"predecessor-version":[{"id":1102,"href":"https:\/\/www.denkulturelleskolesekken.no\/lorenskog\/wp-json\/wp\/v2\/posts\/1041\/revisions\/1102"}],"wp:featuredmedia":[{"embeddable":true,"href":"https:\/\/www.denkulturelleskolesekken.no\/lorenskog\/wp-json\/wp\/v2\/media\/1180"}],"wp:attachment":[{"href":"https:\/\/www.denkulturelleskolesekken.no\/lorenskog\/wp-json\/wp\/v2\/media?parent=1041"}],"wp:term":[{"taxonomy":"category","embeddable":true,"href":"https:\/\/www.denkulturelleskolesekken.no\/lorenskog\/wp-json\/wp\/v2\/categories?post=1041"},{"taxonomy":"post_tag","embeddable":true,"href":"https:\/\/www.denkulturelleskolesekken.no\/lorenskog\/wp-json\/wp\/v2\/tags?post=1041"}],"curies":[{"name":"wp","href":"https:\/\/api.w.org\/{rel}","templated":true}]}}