{"id":1032,"date":"2020-08-28T13:06:50","date_gmt":"2020-08-28T13:06:50","guid":{"rendered":"https:\/\/www.denkulturelleskolesekken.no\/lorenskog\/?p=1032"},"modified":"2020-12-09T14:09:53","modified_gmt":"2020-12-09T14:09:53","slug":"vi-er-i-gang-igjen","status":"publish","type":"post","link":"https:\/\/www.denkulturelleskolesekken.no\/lorenskog\/2020\/08\/28\/vi-er-i-gang-igjen\/","title":{"rendered":"Vi er i gang igjen!"},"content":{"rendered":"\n<p>Etter at vi m\u00e5tte avlyse alle produksjoner fra mars til juni er vi n\u00e5 overlykkelige over \u00e5 komme i gang igjen med \u00e5 gi kunst og kultur til elevene. F\u00f8rste uka i september starter vi opp med ikke mindre enn to verksteder &#8211; Animasjonsverksted og Komposisjonsverksted.<\/p>\n\n\n\n<p>Det har v\u00e6rt jobbet intensivt med smittevern og tilpasninger de siste ukene, slik at vi kan gjennomf\u00f8re mest mulig av \u00e5rets program. Vi har skaffet ekstra utstyr, utvidet turneer, jobbet med streamingl\u00f8sninger, lagt planer for n\u00f8dvendig renhold og overflaterens &#8211; og selvsagt lagt til rette for god h\u00e5ndhygiene og n\u00f8dvendig avstand. <\/p>\n\n\n\n<p><a href=\"https:\/\/www.denkulturelleskolesekken.no\/lorenskog\/utforsk-produksjoner-i-dks\/\">Se hele programmet<\/a><\/p>\n\n\n\n<p><\/p>\n","protected":false},"excerpt":{"rendered":"<p>Etter at vi m\u00e5tte avlyse alle produksjoner fra mars til juni er vi n\u00e5 overlykkelige over \u00e5 komme i gang igjen med \u00e5 gi kunst og kultur til elevene. F\u00f8rste uka i september starter vi opp med ikke mindre enn to verksteder &#8211; Animasjonsverksted og Komposisjonsverksted. Det har v\u00e6rt jobbet intensivt med smittevern og tilpasninger [&hellip;]<\/p>\n","protected":false},"author":7,"featured_media":1033,"comment_status":"closed","ping_status":"closed","sticky":false,"template":"custom-template-without-text-on-image-page.php","format":"standard","meta":{"footnotes":""},"categories":[2],"tags":[],"class_list":["post-1032","post","type-post","status-publish","format-standard","has-post-thumbnail","hentry","category-aktuelt"],"_links":{"self":[{"href":"https:\/\/www.denkulturelleskolesekken.no\/lorenskog\/wp-json\/wp\/v2\/posts\/1032","targetHints":{"allow":["GET"]}}],"collection":[{"href":"https:\/\/www.denkulturelleskolesekken.no\/lorenskog\/wp-json\/wp\/v2\/posts"}],"about":[{"href":"https:\/\/www.denkulturelleskolesekken.no\/lorenskog\/wp-json\/wp\/v2\/types\/post"}],"author":[{"embeddable":true,"href":"https:\/\/www.denkulturelleskolesekken.no\/lorenskog\/wp-json\/wp\/v2\/users\/7"}],"replies":[{"embeddable":true,"href":"https:\/\/www.denkulturelleskolesekken.no\/lorenskog\/wp-json\/wp\/v2\/comments?post=1032"}],"version-history":[{"count":5,"href":"https:\/\/www.denkulturelleskolesekken.no\/lorenskog\/wp-json\/wp\/v2\/posts\/1032\/revisions"}],"predecessor-version":[{"id":1078,"href":"https:\/\/www.denkulturelleskolesekken.no\/lorenskog\/wp-json\/wp\/v2\/posts\/1032\/revisions\/1078"}],"wp:featuredmedia":[{"embeddable":true,"href":"https:\/\/www.denkulturelleskolesekken.no\/lorenskog\/wp-json\/wp\/v2\/media\/1033"}],"wp:attachment":[{"href":"https:\/\/www.denkulturelleskolesekken.no\/lorenskog\/wp-json\/wp\/v2\/media?parent=1032"}],"wp:term":[{"taxonomy":"category","embeddable":true,"href":"https:\/\/www.denkulturelleskolesekken.no\/lorenskog\/wp-json\/wp\/v2\/categories?post=1032"},{"taxonomy":"post_tag","embeddable":true,"href":"https:\/\/www.denkulturelleskolesekken.no\/lorenskog\/wp-json\/wp\/v2\/tags?post=1032"}],"curies":[{"name":"wp","href":"https:\/\/api.w.org\/{rel}","templated":true}]}}