{"id":1006,"date":"2020-08-14T13:25:48","date_gmt":"2020-08-14T13:25:48","guid":{"rendered":"https:\/\/www.denkulturelleskolesekken.no\/lorenskog\/?p=1006"},"modified":"2020-12-09T14:09:30","modified_gmt":"2020-12-09T14:09:30","slug":"meld-inn-forslag-til-dks","status":"publish","type":"post","link":"https:\/\/www.denkulturelleskolesekken.no\/lorenskog\/2020\/08\/14\/meld-inn-forslag-til-dks\/","title":{"rendered":"Meld inn forslag til DKS"},"content":{"rendered":"\n<p>Har du lyst til \u00e5 v\u00e6re en del av Den kulturelle skolesekken neste \u00e5r?<\/p>\n\n\n\n<p>15. august \u00e5pner <a href=\"https:\/\/portal.denkulturelleskolesekken.no\/\">DKS-portalen<\/a> for innsendelse og reaktivering av forslag fra profesjonelle ut\u00f8vere, produsenter og formidlere av kunst og kultur. <\/p>\n\n\n\n<p> Den kulturelle skolesekken bidrar til at alle skoleelever i Norge, uansett hvor de bor, hvilken skole de g\u00e5r p\u00e5 eller hvilken bakgrunn de har, m\u00f8ter profesjonell kunst og kultur.  <\/p>\n\n\n\n<p> I skole\u00e5ret 2019\/2020 bidro over 4000 ut\u00f8vere i Den kulturelle skolesekken. Ordningen er landets st\u00f8rste formidlingsarena for kunstnere og kulturformidlere. <\/p>\n\n\n\n<p> Akt\u00f8rene i DKS m\u00f8ter barn og unge i hele Norge. Det er derfor et m\u00e5l at ut\u00f8verne, produksjonene og apparatet elevene m\u00f8ter, speiler v\u00e5rt samfunn, synliggj\u00f8r forbilder og bidrar til et inkluderende og mangfoldig fellesskap. <\/p>\n\n\n\n<p>Meld inn ditt programforslag  \u2013  og du kan bli en av dem som bidrar i verdens beste ordning for kunst- og kulturformidling til barn og unge! <\/p>\n\n\n\n<p><a href=\"https:\/\/portal.denkulturelleskolesekken.no\/\">Logg deg inn i portalen<\/a><\/p>\n\n\n\n<h2 class=\"wp-block-heading\">Husk innmeldingsfristen<\/h2>\n\n\n\n<p> 15. august 2020 \u00e5pner DKS-portalen for skole\u00e5ret 2021\/2022. <\/p>\n\n\n\n<p><strong>Innmeldingsfrist er 1. oktober kl. 23.59 for p\u00e5f\u00f8lgende skole\u00e5r. Fristen gjelder b\u00e5de nye programforslag og reaktivering av tidligere innsendte forslag<\/strong>. <\/p>\n\n\n\n<p>Profesjonelle ut\u00f8vere, produsenter og formidlere av kunst og kultur kan melde inn forslag til Den kulturelle skolesekken via <a href=\"https:\/\/portal.denkulturelleskolesekken.no\/\">DKS-portalen<\/a>. Et programforslag kan v\u00e6re en ny id\u00e9 eller en ferdig produsert produksjon som allerede er vist i DKS eller et annet sted.  <\/p>\n\n\n\n<p> Representerer du en kunst- eller kulturinstitusjon kan du registrere institusjonen og sende inn forslag p\u00e5 vegne av denne. <\/p>\n\n\n\n<p><a href=\"https:\/\/portal.denkulturelleskolesekken.no\/\">Logg deg inn i portalen<\/a> <\/p>\n\n\n\n<p><a href=\"https:\/\/www.denkulturelleskolesekken.no\/lorenskog\/er-du-utover\/\">Les v\u00e5r informasjon til ut\u00f8vere<\/a> <\/p>\n\n\n\n<h2 class=\"wp-block-heading\">Ny l\u00f8sning ga ny rekord<\/h2>\n\n\n\n<p> Innmeldingsportalen til Den kulturelle skolesekken omtales gjerne som \u00abDKS-portalen\u00bb eller \u00abportalen\u00bb, og ble lansert h\u00f8sten 2019. F\u00f8r den ble \u00e5pnet m\u00e5tte ut\u00f8vere melde inn programforslag til den enkelte fylkeskommune\/direktekommune, og m\u00e5tte dermed forholde seg til ulike formater og tidsfrister. Med portalen ble det ett sted \u00e5 s\u00f8ke og \u00e9n frist \u00e5 forholde seg til. <\/p>\n\n\n\n<p><a href=\"https:\/\/www.kulturtanken.no\/tankebloggen\/2019\/10\/2\/rekordmange-forslag-til-den-kulturelle-skolesekken\">For skole\u00e5ret 2020\/21 ble det meldt inn over 2000 unike forslag<\/a>, som for flere fylker var en dobling og tredobling sammenlignet med \u00e5ret f\u00f8r.  <\/p>\n\n\n\n<p> \u2013  Det er overveldende mange s\u00f8knader, men vi tenker at dette er veldig spennende og at vi n\u00e5 f\u00e5r tilgang til mange nye produksjoner og nye ut\u00f8vere vi tidligere ikke har hatt kontakt med, sa Kjersti \u00d8stnes Eggum, DKS-koordinator i L\u00f8renskog og ass. rektor L\u00f8renskog musikk- og kulturskole den gang. <\/p>\n\n\n\n<h2 class=\"wp-block-heading\">Etterlengtet tilbud for ut\u00f8verne<\/h2>\n\n\n\n<p> En viktig del av Kulturtankens mandat er \u00e5 effektivisere forvaltningen av DKS. Portalen er viktig i s\u00e5 m\u00e5te. Kulturtankens direkt\u00f8r, \u00d8ystein Strand, h\u00e5per at det kommer inn mange programforslag ogs\u00e5 i h\u00f8st.<\/p>\n\n\n\n<p>\u2013 Med portalen samler vi DKS-ordningen, som er forankret i fylker og kommuner. Vi s\u00e5 i fjor at den var et etterlengtet tilbud for ut\u00f8verne, den gir mer oversikt og oppleves som tidsbesparende. Vi h\u00e5per p\u00e5 enda flere profesjonelle produksjoner av h\u00f8y kvalitet til verdens beste kunst- og kulturordning for barn og unge i skole\u00e5ret 2021\/22, sier Strand.  <\/p>\n\n\n\n<h2 class=\"wp-block-heading\">Problemer? Her f\u00e5r du hjelp<\/h2>\n\n\n\n<p>Har du sp\u00f8rsm\u00e5l om hvordan du sender inn forslag eller tekniske problemer? Kontakt Kulturtankens brukerst\u00f8tte:  <\/p>\n\n\n\n<p> <strong>E-post:&nbsp;<\/strong><a href=\"mailto:support@denkulturelleskolesekken.no\"><strong>support@denkulturelleskolesekken.no<\/strong><\/a><\/p>\n\n\n\n<p><strong>Telefon:&nbsp;<\/strong>+ 47 479 74&nbsp;744 <\/p>\n\n\n\n<p>Tips: Sjekk \u00ab<a href=\"https:\/\/www.denkulturelleskolesekken.no\/brukerstotte\/\">Ofte stilte sp\u00f8rsm\u00e5l<\/a>\u00bb  <\/p>\n\n\n\n<p><\/p>\n","protected":false},"excerpt":{"rendered":"<p>Har du lyst til \u00e5 v\u00e6re en del av Den kulturelle skolesekken neste \u00e5r? 15. august \u00e5pner DKS-portalen for innsendelse og reaktivering av forslag fra profesjonelle ut\u00f8vere, produsenter og formidlere av kunst og kultur. Den kulturelle skolesekken bidrar til at alle skoleelever i Norge, uansett hvor de bor, hvilken skole de g\u00e5r p\u00e5 eller hvilken [&hellip;]<\/p>\n","protected":false},"author":7,"featured_media":1007,"comment_status":"closed","ping_status":"closed","sticky":false,"template":"custom-template-without-text-on-image-page.php","format":"standard","meta":{"footnotes":""},"categories":[2],"tags":[],"class_list":["post-1006","post","type-post","status-publish","format-standard","has-post-thumbnail","hentry","category-aktuelt"],"_links":{"self":[{"href":"https:\/\/www.denkulturelleskolesekken.no\/lorenskog\/wp-json\/wp\/v2\/posts\/1006","targetHints":{"allow":["GET"]}}],"collection":[{"href":"https:\/\/www.denkulturelleskolesekken.no\/lorenskog\/wp-json\/wp\/v2\/posts"}],"about":[{"href":"https:\/\/www.denkulturelleskolesekken.no\/lorenskog\/wp-json\/wp\/v2\/types\/post"}],"author":[{"embeddable":true,"href":"https:\/\/www.denkulturelleskolesekken.no\/lorenskog\/wp-json\/wp\/v2\/users\/7"}],"replies":[{"embeddable":true,"href":"https:\/\/www.denkulturelleskolesekken.no\/lorenskog\/wp-json\/wp\/v2\/comments?post=1006"}],"version-history":[{"count":3,"href":"https:\/\/www.denkulturelleskolesekken.no\/lorenskog\/wp-json\/wp\/v2\/posts\/1006\/revisions"}],"predecessor-version":[{"id":1077,"href":"https:\/\/www.denkulturelleskolesekken.no\/lorenskog\/wp-json\/wp\/v2\/posts\/1006\/revisions\/1077"}],"wp:featuredmedia":[{"embeddable":true,"href":"https:\/\/www.denkulturelleskolesekken.no\/lorenskog\/wp-json\/wp\/v2\/media\/1007"}],"wp:attachment":[{"href":"https:\/\/www.denkulturelleskolesekken.no\/lorenskog\/wp-json\/wp\/v2\/media?parent=1006"}],"wp:term":[{"taxonomy":"category","embeddable":true,"href":"https:\/\/www.denkulturelleskolesekken.no\/lorenskog\/wp-json\/wp\/v2\/categories?post=1006"},{"taxonomy":"post_tag","embeddable":true,"href":"https:\/\/www.denkulturelleskolesekken.no\/lorenskog\/wp-json\/wp\/v2\/tags?post=1006"}],"curies":[{"name":"wp","href":"https:\/\/api.w.org\/{rel}","templated":true}]}}