{"id":3664,"date":"2025-12-12T13:08:51","date_gmt":"2025-12-12T13:08:51","guid":{"rendered":"https:\/\/www.denkulturelleskolesekken.no\/innlandet\/?p=3664"},"modified":"2025-12-15T13:15:56","modified_gmt":"2025-12-15T13:15:56","slug":"nyproduksjoner-i-dks-innlandet","status":"publish","type":"post","link":"https:\/\/www.denkulturelleskolesekken.no\/innlandet\/2025\/12\/12\/nyproduksjoner-i-dks-innlandet\/","title":{"rendered":"Nyproduksjoner i DKS Innlandet"},"content":{"rendered":"\n<p><strong>For skole\u00e5ret 2025\/2026 har DKS Innlandet flere nyproduksjoner innen alle de seks uttrykksformene kulturarv, litteratur, scenekunst, film, musikk og visuell kunst. <\/strong><\/p>\n\n\n\n<p>Les mer om de i alt 21 nyproduksjonenene ved \u00e5 s\u00f8ke p\u00e5 produksjonens navn p\u00e5 <a href=\"https:\/\/www.denkulturelleskolesekken.no\/innlandet\/\">v\u00e5re nettsider<\/a>.<\/p>\n\n\n\n<figure class=\"wp-block-table\"><table class=\"has-fixed-layout\"><tbody><tr><td><strong>Produksjon<\/strong><\/td><td><strong>Uttrykk<\/strong><\/td><td><\/td><\/tr><tr><td>brenn.<\/td><td>Musikk<\/td><td><\/td><\/tr><tr><td>Bridging Worlds<\/td><td>Musikk\/kulturarv<\/td><td><\/td><\/tr><tr><td>Julie Henrikke<\/td><td>Musikk<\/td><td><\/td><\/tr><tr><td>L\u00f8gner som lyser<\/td><td>Litteratur\/musikk<\/td><td><\/td><\/tr><tr><td>Plutselig Sirkus-verksted<\/td><td>Scenekunst<\/td><td>Etablering av &#8220;elevens valg&#8221; som ramme for verkstedet, i samarbeid med <em>Plutselig Sirkus<\/em><\/td><\/tr><tr><td>Forelska!<\/td><td>Scenekunst<\/td><td>I samarbeid med<em> Det Andre Teatret<\/em><\/td><\/tr><tr><td>J\u00f8, s\u00e5 fyse!<\/td><td>Scenekunst\/litteratur<\/td><td>I samarbeid med <em>DKS Nordland<\/em> og <em>Aukruststiftelsen<\/em><\/td><\/tr><tr><td>Visst faan \u00e4r du skogfinne<\/td><td>Scenekunst\/kulturarv<\/td><td>I samarbeid med <em>Utvandringsjubileet Migrasjon og identitet<\/em><\/td><\/tr><tr><td>Lytteverksted<\/td><td>Visuell kunst<\/td><td><\/td><\/tr><tr><td>Grav deg ned i tideN<\/td><td>Kulturarv<\/td><td>I samarbeid med <em>Seksjon for arkeologi<\/em> i <em>Innlandet fylkeskommune, Utvandringsjubileet Migrasjon og identitet<\/em> og <em>Tidvis<\/em><\/td><\/tr><tr><td>Tinnemannens h\u00e5nd<\/td><td>Kulturarv<\/td><td><\/td><\/tr><tr><td>Da krigen kom til Norge<\/td><td>Kulturarv\/litteratur<\/td><td><\/td><\/tr><tr><td>Jeg var her<\/td><td>Kulturarv<\/td><td><\/td><\/tr><tr><td>To i takt<\/td><td>Kulturarv<\/td><td><\/td><\/tr><tr><td>En reisende familie<\/td><td>Kulturarv<\/td><td><\/td><\/tr><tr><td>J\u00e6velunge<\/td><td>Litteratur<\/td><td><\/td><\/tr><tr><td>Sytten, snart atten<\/td><td>Litteratur<\/td><td>I samarbeid med <em>Littlab midt<\/em><\/td><\/tr><tr><td>LIVE<\/td><td>Litteratur<\/td><td><\/td><\/tr><tr><td>Bare vent\/P\u00e5 \u00e9n betingelse<\/td><td>Litteratur<\/td><td>I samarbeid med <em>DKS Oslo<\/em><\/td><\/tr><tr><td>Den stygge stes\u00f8steren<\/td><td>Film<\/td><td>Formidlingsopplegg i samarbeid med Emilie Blichfeldt og Lars Ole Kristiansen<\/td><\/tr><tr><td>Store sm\u00e5 mennesker<\/td><td>Film<\/td><td>Pr\u00f8vedag med regiss\u00f8r<\/td><\/tr><\/tbody><\/table><\/figure>\n\n\n\n<figure class=\"wp-block-image size-large\"><img loading=\"lazy\" decoding=\"async\" width=\"1024\" height=\"512\" src=\"https:\/\/cdn.denkulturelleskolesekken.no\/innlandet\/996e9261-image-1024x512.png\" alt=\"\" class=\"wp-image-3665\" srcset=\"https:\/\/cdn.denkulturelleskolesekken.no\/innlandet\/996e9261-image-1024x512.png 1024w, https:\/\/cdn.denkulturelleskolesekken.no\/innlandet\/996e9261-image-300x150.png 300w, https:\/\/cdn.denkulturelleskolesekken.no\/innlandet\/996e9261-image-768x384.png 768w, https:\/\/cdn.denkulturelleskolesekken.no\/innlandet\/996e9261-image.png 1200w\" sizes=\"auto, (max-width: 1024px) 100vw, 1024px\" \/><\/figure>\n\n\n\n<p>Visst faan \u00e4r du skogfinne, med skuespiller og trysling Rose Marie Aker, er et humoristisk one-woman show om \u00e5 oppdage sin skogfinske identitet.<\/p>\n\n\n\n<p><a href=\"https:\/\/www.denkulturelleskolesekken.no\/innlandet\/2024\/05\/24\/nye-produksjoner-i-dks-innlandet\/\">Les ogs\u00e5 om nyproduksjonene DKS Innlandet hadde i 2023\/2024 og i 2024\/2025. <\/a><\/p>\n\n\n\n<p><\/p>\n","protected":false},"excerpt":{"rendered":"<p>For skole\u00e5ret 2025\/2026 har DKS Innlandet flere nyproduksjoner innen alle de seks uttrykksformene kulturarv, litteratur, scenekunst, film, musikk og visuell kunst. Les mer om de i alt 21 nyproduksjonenene ved \u00e5 s\u00f8ke p\u00e5 produksjonens navn p\u00e5 v\u00e5re nettsider. Produksjon Uttrykk brenn. Musikk Bridging Worlds Musikk\/kulturarv Julie Henrikke Musikk L\u00f8gner som lyser Litteratur\/musikk Plutselig Sirkus-verksted Scenekunst [&hellip;]<\/p>\n","protected":false},"author":23,"featured_media":3669,"comment_status":"closed","ping_status":"closed","sticky":false,"template":"","format":"standard","meta":{"footnotes":""},"categories":[2],"tags":[],"class_list":["post-3664","post","type-post","status-publish","format-standard","has-post-thumbnail","hentry","category-aktuelt"],"_links":{"self":[{"href":"https:\/\/www.denkulturelleskolesekken.no\/innlandet\/wp-json\/wp\/v2\/posts\/3664","targetHints":{"allow":["GET"]}}],"collection":[{"href":"https:\/\/www.denkulturelleskolesekken.no\/innlandet\/wp-json\/wp\/v2\/posts"}],"about":[{"href":"https:\/\/www.denkulturelleskolesekken.no\/innlandet\/wp-json\/wp\/v2\/types\/post"}],"author":[{"embeddable":true,"href":"https:\/\/www.denkulturelleskolesekken.no\/innlandet\/wp-json\/wp\/v2\/users\/23"}],"replies":[{"embeddable":true,"href":"https:\/\/www.denkulturelleskolesekken.no\/innlandet\/wp-json\/wp\/v2\/comments?post=3664"}],"version-history":[{"count":11,"href":"https:\/\/www.denkulturelleskolesekken.no\/innlandet\/wp-json\/wp\/v2\/posts\/3664\/revisions"}],"predecessor-version":[{"id":3696,"href":"https:\/\/www.denkulturelleskolesekken.no\/innlandet\/wp-json\/wp\/v2\/posts\/3664\/revisions\/3696"}],"wp:featuredmedia":[{"embeddable":true,"href":"https:\/\/www.denkulturelleskolesekken.no\/innlandet\/wp-json\/wp\/v2\/media\/3669"}],"wp:attachment":[{"href":"https:\/\/www.denkulturelleskolesekken.no\/innlandet\/wp-json\/wp\/v2\/media?parent=3664"}],"wp:term":[{"taxonomy":"category","embeddable":true,"href":"https:\/\/www.denkulturelleskolesekken.no\/innlandet\/wp-json\/wp\/v2\/categories?post=3664"},{"taxonomy":"post_tag","embeddable":true,"href":"https:\/\/www.denkulturelleskolesekken.no\/innlandet\/wp-json\/wp\/v2\/tags?post=3664"}],"curies":[{"name":"wp","href":"https:\/\/api.w.org\/{rel}","templated":true}]}}