{"id":3659,"date":"2025-11-27T12:07:07","date_gmt":"2025-11-27T12:07:07","guid":{"rendered":"https:\/\/www.denkulturelleskolesekken.no\/innlandet\/?p=3659"},"modified":"2025-11-27T12:07:08","modified_gmt":"2025-11-27T12:07:08","slug":"oyepa-soker-nye-samarbeidspartnere","status":"publish","type":"post","link":"https:\/\/www.denkulturelleskolesekken.no\/innlandet\/2025\/11\/27\/oyepa-soker-nye-samarbeidspartnere\/","title":{"rendered":"\u00d8yep\u00e5\u00a0s\u00f8ker nye samarbeidspartnere!\u00a0"},"content":{"rendered":"\n<p><strong>Den nasjonale arenaen for visuell kunst i DKS er nomadisk og knytter seg hvert \u00e5r til et nytt kunstmilj\u00f8 eller kunstfestival. N\u00e5 \u00f8nsker programgruppa \u00e5 komme i kontakt med akt\u00f8rer som kan v\u00e6re aktuelle samarbeidspartnere i perioden 2026\u20132030, slik at det kan legges en langsiktig plan for de kommende \u00e5rene.<\/strong><\/p>\n\n\n\n<p>For \u00e5 lese mer og melde interesse &#8211; f\u00f8lg linken under<\/p>\n\n\n\n<div class=\"wp-block-buttons is-layout-flex wp-block-buttons-is-layout-flex\">\n<div class=\"wp-block-button\"><a class=\"wp-block-button__link wp-element-button\" href=\"https:\/\/www.kulturtanken.no\/aktuelt\/2025\/oyepa-soker-nye-samarbeidspartnere\/\">\u00d8yep\u00e5 s\u00f8ker nye samarbeidspartnere<\/a><\/div>\n<\/div>\n\n\n\n<p>Her er en liste over tidligere samarbeidspartnere for \u00d8yep\u00e5: <\/p>\n\n\n\n<ul class=\"wp-block-list\">\n<li>\u00d8yep\u00e5\u00a0Bergen Assembly 2025\u00a0<\/li>\n\n\n\n<li>\u00d8yep\u00e5\u00a0Bod\u00f8 Biennale 2024\u00a0<\/li>\n\n\n\n<li>\u00d8yep\u00e5\u00a0OSLO 2023\u00a0<\/li>\n\n\n\n<li>\u00d8yep\u00e5\u00a0LIAF 2022\u00a0<\/li>\n\n\n\n<li>\u00d8yep\u00e5\u00a0Momentum\u00a02021:\u00a0<em>House\u00a0of\u00a0Commons<\/em>\u00a0<\/li>\n\n\n\n<li>\u00d8yep\u00e5\u00a02020:\u00a0<em>Digital formidling<\/em>\u00a0<\/li>\n<\/ul>\n","protected":false},"excerpt":{"rendered":"<p>Den nasjonale arenaen for visuell kunst i DKS er nomadisk og knytter seg hvert \u00e5r til et nytt kunstmilj\u00f8 eller kunstfestival. N\u00e5 \u00f8nsker programgruppa \u00e5 komme i kontakt med akt\u00f8rer som kan v\u00e6re aktuelle samarbeidspartnere i perioden 2026\u20132030, slik at det kan legges en langsiktig plan for de kommende \u00e5rene. For \u00e5 lese mer og [&hellip;]<\/p>\n","protected":false},"author":14,"featured_media":3661,"comment_status":"closed","ping_status":"open","sticky":false,"template":"","format":"standard","meta":{"footnotes":""},"categories":[2],"tags":[],"class_list":["post-3659","post","type-post","status-publish","format-standard","has-post-thumbnail","hentry","category-aktuelt"],"_links":{"self":[{"href":"https:\/\/www.denkulturelleskolesekken.no\/innlandet\/wp-json\/wp\/v2\/posts\/3659","targetHints":{"allow":["GET"]}}],"collection":[{"href":"https:\/\/www.denkulturelleskolesekken.no\/innlandet\/wp-json\/wp\/v2\/posts"}],"about":[{"href":"https:\/\/www.denkulturelleskolesekken.no\/innlandet\/wp-json\/wp\/v2\/types\/post"}],"author":[{"embeddable":true,"href":"https:\/\/www.denkulturelleskolesekken.no\/innlandet\/wp-json\/wp\/v2\/users\/14"}],"replies":[{"embeddable":true,"href":"https:\/\/www.denkulturelleskolesekken.no\/innlandet\/wp-json\/wp\/v2\/comments?post=3659"}],"version-history":[{"count":2,"href":"https:\/\/www.denkulturelleskolesekken.no\/innlandet\/wp-json\/wp\/v2\/posts\/3659\/revisions"}],"predecessor-version":[{"id":3662,"href":"https:\/\/www.denkulturelleskolesekken.no\/innlandet\/wp-json\/wp\/v2\/posts\/3659\/revisions\/3662"}],"wp:featuredmedia":[{"embeddable":true,"href":"https:\/\/www.denkulturelleskolesekken.no\/innlandet\/wp-json\/wp\/v2\/media\/3661"}],"wp:attachment":[{"href":"https:\/\/www.denkulturelleskolesekken.no\/innlandet\/wp-json\/wp\/v2\/media?parent=3659"}],"wp:term":[{"taxonomy":"category","embeddable":true,"href":"https:\/\/www.denkulturelleskolesekken.no\/innlandet\/wp-json\/wp\/v2\/categories?post=3659"},{"taxonomy":"post_tag","embeddable":true,"href":"https:\/\/www.denkulturelleskolesekken.no\/innlandet\/wp-json\/wp\/v2\/tags?post=3659"}],"curies":[{"name":"wp","href":"https:\/\/api.w.org\/{rel}","templated":true}]}}